{"id":25763,"date":"2020-12-17T00:42:37","date_gmt":"2020-12-17T00:42:37","guid":{"rendered":"http:\/\/centralmedia.rs\/?p=25763"},"modified":"2020-12-20T21:47:36","modified_gmt":"2020-12-20T21:47:36","slug":"nove-mere-u-svilajncu-2","status":"publish","type":"post","link":"https:\/\/centralmedia.rs\/index.php\/2020\/12\/17\/nove-mere-u-svilajncu-2\/","title":{"rendered":"NOVE MERE U SVILAJNCU"},"content":{"rendered":"<p>SVILAJNAC- \u0160tab za vanredne situacije u Svilajncu usvojio je nove mere za spre\u010davanej \u0161irenja korona virusa.<\/p>\n<p><img loading=\"lazy\" decoding=\"async\" class=\"alignnone wp-image-25764 size-full\" src=\"http:\/\/centralmedia.rs\/wp-content\/uploads\/2020\/12\/stab.jpg\" alt=\"\" width=\"905\" height=\"1262\" srcset=\"https:\/\/centralmedia.rs\/wp-content\/uploads\/2020\/12\/stab.jpg 905w, https:\/\/centralmedia.rs\/wp-content\/uploads\/2020\/12\/stab-215x300.jpg 215w, https:\/\/centralmedia.rs\/wp-content\/uploads\/2020\/12\/stab-768x1071.jpg 768w, https:\/\/centralmedia.rs\/wp-content\/uploads\/2020\/12\/stab-734x1024.jpg 734w, https:\/\/centralmedia.rs\/wp-content\/uploads\/2020\/12\/stab-301x420.jpg 301w, https:\/\/centralmedia.rs\/wp-content\/uploads\/2020\/12\/stab-640x892.jpg 640w, https:\/\/centralmedia.rs\/wp-content\/uploads\/2020\/12\/stab-681x950.jpg 681w\" sizes=\"(max-width: 905px) 100vw, 905px\" \/><\/p>\n<p><img loading=\"lazy\" decoding=\"async\" class=\"alignnone wp-image-25765 size-full\" src=\"http:\/\/centralmedia.rs\/wp-content\/uploads\/2020\/12\/stab1.jpg\" alt=\"\" width=\"818\" height=\"919\" srcset=\"https:\/\/centralmedia.rs\/wp-content\/uploads\/2020\/12\/stab1.jpg 818w, https:\/\/centralmedia.rs\/wp-content\/uploads\/2020\/12\/stab1-267x300.jpg 267w, https:\/\/centralmedia.rs\/wp-content\/uploads\/2020\/12\/stab1-768x863.jpg 768w, https:\/\/centralmedia.rs\/wp-content\/uploads\/2020\/12\/stab1-374x420.jpg 374w, https:\/\/centralmedia.rs\/wp-content\/uploads\/2020\/12\/stab1-640x719.jpg 640w, https:\/\/centralmedia.rs\/wp-content\/uploads\/2020\/12\/stab1-681x765.jpg 681w\" sizes=\"(max-width: 818px) 100vw, 818px\" \/><\/p>\n","protected":false},"excerpt":{"rendered":"<p>SVILAJNAC- \u0160tab za vanredne situacije u Svilajncu usvojio je nove mere za spre\u010davanej \u0161irenja korona virusa.<\/p>\n","protected":false},"author":2,"featured_media":4252,"comment_status":"open","ping_status":"open","sticky":false,"template":"","format":"standard","meta":{"footnotes":""},"categories":[14,1524,2,887,12,1517],"tags":[4455,4463,38],"_links":{"self":[{"href":"https:\/\/centralmedia.rs\/index.php\/wp-json\/wp\/v2\/posts\/25763"}],"collection":[{"href":"https:\/\/centralmedia.rs\/index.php\/wp-json\/wp\/v2\/posts"}],"about":[{"href":"https:\/\/centralmedia.rs\/index.php\/wp-json\/wp\/v2\/types\/post"}],"author":[{"embeddable":true,"href":"https:\/\/centralmedia.rs\/index.php\/wp-json\/wp\/v2\/users\/2"}],"replies":[{"embeddable":true,"href":"https:\/\/centralmedia.rs\/index.php\/wp-json\/wp\/v2\/comments?post=25763"}],"version-history":[{"count":1,"href":"https:\/\/centralmedia.rs\/index.php\/wp-json\/wp\/v2\/posts\/25763\/revisions"}],"predecessor-version":[{"id":25766,"href":"https:\/\/centralmedia.rs\/index.php\/wp-json\/wp\/v2\/posts\/25763\/revisions\/25766"}],"wp:featuredmedia":[{"embeddable":true,"href":"https:\/\/centralmedia.rs\/index.php\/wp-json\/wp\/v2\/media\/4252"}],"wp:attachment":[{"href":"https:\/\/centralmedia.rs\/index.php\/wp-json\/wp\/v2\/media?parent=25763"}],"wp:term":[{"taxonomy":"category","embeddable":true,"href":"https:\/\/centralmedia.rs\/index.php\/wp-json\/wp\/v2\/categories?post=25763"},{"taxonomy":"post_tag","embeddable":true,"href":"https:\/\/centralmedia.rs\/index.php\/wp-json\/wp\/v2\/tags?post=25763"}],"curies":[{"name":"wp","href":"https:\/\/api.w.org\/{rel}","templated":true}]}}