{"id":25770,"date":"2020-12-17T16:34:32","date_gmt":"2020-12-17T16:34:32","guid":{"rendered":"http:\/\/centralmedia.rs\/?p=25770"},"modified":"2020-12-20T21:47:52","modified_gmt":"2020-12-20T21:47:52","slug":"upozorenje-lekara-ako-slavimo-masovno-s-nekim-bliskim-sledece-godine-necemo-da-budemo","status":"publish","type":"post","link":"https:\/\/centralmedia.rs\/index.php\/2020\/12\/17\/upozorenje-lekara-ako-slavimo-masovno-s-nekim-bliskim-sledece-godine-necemo-da-budemo\/","title":{"rendered":"UPOZORENJE LEKARA: ,,Ako slavimo masovno, s nekim bliskim slede\u0107e godine ne\u0107emo da budemo!\u201c"},"content":{"rendered":"<p>\u0106UPRIJA- U Pomoravlju je u novembru testirano 5.049 osoba, od kojih je \u010dak 2.586 bilo pozitivno, dok su samo u prvoj polovini decembra testirane 6.742 osobe, sa 2.855 potvr\u0111enih slu\u010dajeva zaraze. U novembu je od posledica korone preminulo 46 ljudi. U poslednjih 4-5 dana imamo blagi pad u \u0106upriji, Jagodini i Para\u0107inu, ali nam veliki broj akutnih slu\u010dajeva ne daje za pravo da se opu\u0161tamo i da mislimo da \u0107e nam biti bolje, ka\u017eu lekari iz \u0106uprije \u010dlanovi \u0160taba za vanredne situacije.<\/p>\n<div id='gallery-1' class='gallery galleryid-25770 gallery-columns-3 gallery-size-full'><figure class='gallery-item'>\n\t\t\t<div class='gallery-icon landscape'>\n\t\t\t\t<a href='https:\/\/centralmedia.rs\/index.php\/2020\/12\/17\/upozorenje-lekara-ako-slavimo-masovno-s-nekim-bliskim-sledece-godine-necemo-da-budemo\/korona-6\/'><img loading=\"lazy\" decoding=\"async\" width=\"1870\" height=\"1250\" src=\"https:\/\/centralmedia.rs\/wp-content\/uploads\/2020\/12\/korona.jpg\" class=\"attachment-full size-full\" alt=\"\" srcset=\"https:\/\/centralmedia.rs\/wp-content\/uploads\/2020\/12\/korona.jpg 1870w, https:\/\/centralmedia.rs\/wp-content\/uploads\/2020\/12\/korona-300x201.jpg 300w, https:\/\/centralmedia.rs\/wp-content\/uploads\/2020\/12\/korona-768x513.jpg 768w, https:\/\/centralmedia.rs\/wp-content\/uploads\/2020\/12\/korona-1024x684.jpg 1024w, https:\/\/centralmedia.rs\/wp-content\/uploads\/2020\/12\/korona-628x420.jpg 628w, https:\/\/centralmedia.rs\/wp-content\/uploads\/2020\/12\/korona-537x360.jpg 537w, https:\/\/centralmedia.rs\/wp-content\/uploads\/2020\/12\/korona-640x428.jpg 640w, https:\/\/centralmedia.rs\/wp-content\/uploads\/2020\/12\/korona-681x455.jpg 681w\" sizes=\"(max-width: 1870px) 100vw, 1870px\" \/><\/a>\n\t\t\t<\/div><\/figure><figure class='gallery-item'>\n\t\t\t<div class='gallery-icon landscape'>\n\t\t\t\t<a href='https:\/\/centralmedia.rs\/index.php\/2020\/12\/17\/upozorenje-lekara-ako-slavimo-masovno-s-nekim-bliskim-sledece-godine-necemo-da-budemo\/korona1-4\/'><img loading=\"lazy\" decoding=\"async\" width=\"1870\" height=\"1250\" src=\"https:\/\/centralmedia.rs\/wp-content\/uploads\/2020\/12\/korona1.jpg\" class=\"attachment-full size-full\" alt=\"\" srcset=\"https:\/\/centralmedia.rs\/wp-content\/uploads\/2020\/12\/korona1.jpg 1870w, https:\/\/centralmedia.rs\/wp-content\/uploads\/2020\/12\/korona1-300x201.jpg 300w, https:\/\/centralmedia.rs\/wp-content\/uploads\/2020\/12\/korona1-768x513.jpg 768w, https:\/\/centralmedia.rs\/wp-content\/uploads\/2020\/12\/korona1-1024x684.jpg 1024w, https:\/\/centralmedia.rs\/wp-content\/uploads\/2020\/12\/korona1-628x420.jpg 628w, https:\/\/centralmedia.rs\/wp-content\/uploads\/2020\/12\/korona1-537x360.jpg 537w, https:\/\/centralmedia.rs\/wp-content\/uploads\/2020\/12\/korona1-640x428.jpg 640w, https:\/\/centralmedia.rs\/wp-content\/uploads\/2020\/12\/korona1-681x455.jpg 681w\" sizes=\"(max-width: 1870px) 100vw, 1870px\" \/><\/a>\n\t\t\t<\/div><\/figure><figure class='gallery-item'>\n\t\t\t<div class='gallery-icon landscape'>\n\t\t\t\t<a href='https:\/\/centralmedia.rs\/index.php\/2020\/12\/17\/upozorenje-lekara-ako-slavimo-masovno-s-nekim-bliskim-sledece-godine-necemo-da-budemo\/korona2-3\/'><img loading=\"lazy\" decoding=\"async\" width=\"1870\" height=\"1250\" src=\"https:\/\/centralmedia.rs\/wp-content\/uploads\/2020\/12\/korona2.jpg\" class=\"attachment-full size-full\" alt=\"\" srcset=\"https:\/\/centralmedia.rs\/wp-content\/uploads\/2020\/12\/korona2.jpg 1870w, https:\/\/centralmedia.rs\/wp-content\/uploads\/2020\/12\/korona2-300x201.jpg 300w, https:\/\/centralmedia.rs\/wp-content\/uploads\/2020\/12\/korona2-768x513.jpg 768w, https:\/\/centralmedia.rs\/wp-content\/uploads\/2020\/12\/korona2-1024x684.jpg 1024w, https:\/\/centralmedia.rs\/wp-content\/uploads\/2020\/12\/korona2-628x420.jpg 628w, https:\/\/centralmedia.rs\/wp-content\/uploads\/2020\/12\/korona2-537x360.jpg 537w, https:\/\/centralmedia.rs\/wp-content\/uploads\/2020\/12\/korona2-640x428.jpg 640w, https:\/\/centralmedia.rs\/wp-content\/uploads\/2020\/12\/korona2-681x455.jpg 681w\" sizes=\"(max-width: 1870px) 100vw, 1870px\" \/><\/a>\n\t\t\t<\/div><\/figure>\n\t\t<\/div>\n\n<p>-Zasigurno nam epidemiolo\u0161ki jo\u0161 neko vreme ne\u0107e biti bolje, sintetizovano je mi\u0161ljenje lekarske struke. Najbolja ilustracija intenziteta aktuelnog talasa je \u010dinjenica da u Pomoravlju polovinu od ukupnog broja preminulih od po\u010detka pandemije imamo u ovih poslednjih mesec i po dana!\u00a0 Ina\u010de, kako nam se bli\u017ei vreme slava i novogodi\u0161njih i bo\u017ei\u0107nih praznika, lekari koji su u\u010destvovali na dana\u0161njoj konferenciji za novinare \u2013 \u00a0dr \u010ceni\u0107, dr Gaji\u0107, \u00a0dr Radovanovi\u0107 \u2013 slo\u017eni su u apelu da se ti dani provedu sa uku\u0107anima i da se nijedna od proslava ne slavi masovno \u201ejer \u0107emo da slavimo a s nekim bliskim slede\u0107e godine ne\u0107emo da budemo\u201c.<\/p>\n<p>U kovid bolnicama u \u0106upriji, Jagodini i Para\u0107inu na le\u010denju se nalazi 300 pacijenata, a vi\u0161e od 30 se nalazi na respiratorima. Kod ovih pacijenata ishod je neizvestan<\/p>\n","protected":false},"excerpt":{"rendered":"<p>\u0106UPRIJA- U Pomoravlju je u novembru testirano 5.049 osoba, od kojih je \u010dak 2.586 bilo pozitivno, dok su samo u prvoj polovini decembra testirane 6.742 &hellip; <\/p>\n","protected":false},"author":2,"featured_media":25771,"comment_status":"open","ping_status":"open","sticky":false,"template":"","format":"standard","meta":{"footnotes":""},"categories":[1515,1518,28,1524,2,1514,1516,887,1519,12,1517],"tags":[44,51,58,4576,156,441,38],"_links":{"self":[{"href":"https:\/\/centralmedia.rs\/index.php\/wp-json\/wp\/v2\/posts\/25770"}],"collection":[{"href":"https:\/\/centralmedia.rs\/index.php\/wp-json\/wp\/v2\/posts"}],"about":[{"href":"https:\/\/centralmedia.rs\/index.php\/wp-json\/wp\/v2\/types\/post"}],"author":[{"embeddable":true,"href":"https:\/\/centralmedia.rs\/index.php\/wp-json\/wp\/v2\/users\/2"}],"replies":[{"embeddable":true,"href":"https:\/\/centralmedia.rs\/index.php\/wp-json\/wp\/v2\/comments?post=25770"}],"version-history":[{"count":1,"href":"https:\/\/centralmedia.rs\/index.php\/wp-json\/wp\/v2\/posts\/25770\/revisions"}],"predecessor-version":[{"id":25774,"href":"https:\/\/centralmedia.rs\/index.php\/wp-json\/wp\/v2\/posts\/25770\/revisions\/25774"}],"wp:featuredmedia":[{"embeddable":true,"href":"https:\/\/centralmedia.rs\/index.php\/wp-json\/wp\/v2\/media\/25771"}],"wp:attachment":[{"href":"https:\/\/centralmedia.rs\/index.php\/wp-json\/wp\/v2\/media?parent=25770"}],"wp:term":[{"taxonomy":"category","embeddable":true,"href":"https:\/\/centralmedia.rs\/index.php\/wp-json\/wp\/v2\/categories?post=25770"},{"taxonomy":"post_tag","embeddable":true,"href":"https:\/\/centralmedia.rs\/index.php\/wp-json\/wp\/v2\/tags?post=25770"}],"curies":[{"name":"wp","href":"https:\/\/api.w.org\/{rel}","templated":true}]}}