{"id":2578,"date":"2016-04-01T14:21:26","date_gmt":"2016-04-01T14:21:26","guid":{"rendered":"http:\/\/centralmedia.rs\/?p=2578"},"modified":"2017-01-10T02:10:31","modified_gmt":"2017-01-10T02:10:31","slug":"pokret-za-ocuvanje-opstine-cicevac","status":"publish","type":"post","link":"https:\/\/centralmedia.rs\/index.php\/2016\/04\/01\/pokret-za-ocuvanje-opstine-cicevac\/","title":{"rendered":"POKRET ZA O\u010cUVANJE OP\u0160TINE \u0106I\u0106EVAC"},"content":{"rendered":"<p>\u0106I\u0106EVAC-Broj 1 na glasa\u010dkom listi\u010du na predstoje\u0107im lokalnim izborima nosi &#8220;Pokret za o\u010duvanje op\u0161tine \u0106i\u0107evac &#8211; Zlatan Krki\u0107&#8221;. Taj pokret u odr\u017eao jo\u0161 jedan u nizu i vi\u0161e nego uspe\u0161an sastanak sa 150 pristilaca iz mesnog odbora \u0106i\u0107evac.<a href=\"https:\/\/centralmedia.rs\/wp-content\/uploads\/2016\/04\/pokret.jpg\" rel=\"attachment wp-att-2580\"><img loading=\"lazy\" decoding=\"async\" class=\"alignnone size-medium wp-image-2580\" src=\"https:\/\/centralmedia.rs\/wp-content\/uploads\/2016\/04\/pokret-300x191.jpg\" alt=\"pokret\" width=\"300\" height=\"191\" srcset=\"https:\/\/centralmedia.rs\/wp-content\/uploads\/2016\/04\/pokret-300x191.jpg 300w, https:\/\/centralmedia.rs\/wp-content\/uploads\/2016\/04\/pokret-768x490.jpg 768w, https:\/\/centralmedia.rs\/wp-content\/uploads\/2016\/04\/pokret.jpg 900w\" sizes=\"(max-width: 300px) 100vw, 300px\" \/><\/a><br \/>\n-To su na\u0161i me\u0161tani koji su srcem uz nasa a ne iz koristi,jer mi nemamo i nikad nismo imali prljavu politiku kupovine glasova. To su ljudi koji veruju u nas,jer je na\u0161 program realan,bez demagogija i la\u017enih obe\u0107anja. Hvala svima koji nam veruju i samim tim podr\u017eavaju zajedno sa nama budu\u0107nost i o\u010duvanje op\u0161tine \u0106i\u0107evac, rekao je Zlatan Krki\u0107, prvi na listi i kandidat za predsednik op\u0161tine.<a href=\"https:\/\/centralmedia.rs\/wp-content\/uploads\/2016\/04\/pokret-3.jpg\" rel=\"attachment wp-att-2581\"><img loading=\"lazy\" decoding=\"async\" class=\"alignnone size-medium wp-image-2581\" src=\"https:\/\/centralmedia.rs\/wp-content\/uploads\/2016\/04\/pokret-3-300x207.jpg\" alt=\"pokret 3\" width=\"300\" height=\"207\" srcset=\"https:\/\/centralmedia.rs\/wp-content\/uploads\/2016\/04\/pokret-3-300x207.jpg 300w, https:\/\/centralmedia.rs\/wp-content\/uploads\/2016\/04\/pokret-3-768x530.jpg 768w, https:\/\/centralmedia.rs\/wp-content\/uploads\/2016\/04\/pokret-3-100x70.jpg 100w, https:\/\/centralmedia.rs\/wp-content\/uploads\/2016\/04\/pokret-3-218x150.jpg 218w, https:\/\/centralmedia.rs\/wp-content\/uploads\/2016\/04\/pokret-3.jpg 900w\" sizes=\"(max-width: 300px) 100vw, 300px\" \/><\/a><br \/>\nNa terenu su bili aktivni i predstavnici omladine tog prokreta, koji su na \u0161tandovima u gradu obave\u0161tavali gra\u0111ane o ciljevima u predstoje\u0107e \u010detiri godine.<br \/>\n<a href=\"https:\/\/centralmedia.rs\/wp-content\/uploads\/2016\/04\/pokret-1.jpg\" rel=\"attachment wp-att-2582\"><img loading=\"lazy\" decoding=\"async\" class=\"alignnone size-medium wp-image-2582\" src=\"https:\/\/centralmedia.rs\/wp-content\/uploads\/2016\/04\/pokret-1-229x300.jpg\" alt=\"pokret 1\" width=\"229\" height=\"300\" srcset=\"https:\/\/centralmedia.rs\/wp-content\/uploads\/2016\/04\/pokret-1-229x300.jpg 229w, https:\/\/centralmedia.rs\/wp-content\/uploads\/2016\/04\/pokret-1.jpg 688w\" sizes=\"(max-width: 229px) 100vw, 229px\" \/><\/a><a href=\"https:\/\/centralmedia.rs\/wp-content\/uploads\/2016\/04\/pokret-2.jpg\" rel=\"attachment wp-att-2583\"><img loading=\"lazy\" decoding=\"async\" class=\"alignnone size-medium wp-image-2583\" src=\"https:\/\/centralmedia.rs\/wp-content\/uploads\/2016\/04\/pokret-2-203x300.jpg\" alt=\"pokret 2\" width=\"203\" height=\"300\" srcset=\"https:\/\/centralmedia.rs\/wp-content\/uploads\/2016\/04\/pokret-2-203x300.jpg 203w, https:\/\/centralmedia.rs\/wp-content\/uploads\/2016\/04\/pokret-2.jpg 610w\" sizes=\"(max-width: 203px) 100vw, 203px\" \/><\/a><\/p>\n","protected":false},"excerpt":{"rendered":"<p>\u0106I\u0106EVAC-Broj 1 na glasa\u010dkom listi\u010du na predstoje\u0107im lokalnim izborima nosi &#8220;Pokret za o\u010duvanje op\u0161tine \u0106i\u0107evac &#8211; Zlatan Krki\u0107&#8221;. Taj pokret u odr\u017eao jo\u0161 jedan u &hellip; <\/p>\n","protected":false},"author":4,"featured_media":2579,"comment_status":"open","ping_status":"open","sticky":false,"template":"","format":"standard","meta":{"footnotes":""},"categories":[1521,1524,2,13,887,12],"tags":[667,668,669],"_links":{"self":[{"href":"https:\/\/centralmedia.rs\/index.php\/wp-json\/wp\/v2\/posts\/2578"}],"collection":[{"href":"https:\/\/centralmedia.rs\/index.php\/wp-json\/wp\/v2\/posts"}],"about":[{"href":"https:\/\/centralmedia.rs\/index.php\/wp-json\/wp\/v2\/types\/post"}],"author":[{"embeddable":true,"href":"https:\/\/centralmedia.rs\/index.php\/wp-json\/wp\/v2\/users\/4"}],"replies":[{"embeddable":true,"href":"https:\/\/centralmedia.rs\/index.php\/wp-json\/wp\/v2\/comments?post=2578"}],"version-history":[{"count":0,"href":"https:\/\/centralmedia.rs\/index.php\/wp-json\/wp\/v2\/posts\/2578\/revisions"}],"wp:featuredmedia":[{"embeddable":true,"href":"https:\/\/centralmedia.rs\/index.php\/wp-json\/wp\/v2\/media\/2579"}],"wp:attachment":[{"href":"https:\/\/centralmedia.rs\/index.php\/wp-json\/wp\/v2\/media?parent=2578"}],"wp:term":[{"taxonomy":"category","embeddable":true,"href":"https:\/\/centralmedia.rs\/index.php\/wp-json\/wp\/v2\/categories?post=2578"},{"taxonomy":"post_tag","embeddable":true,"href":"https:\/\/centralmedia.rs\/index.php\/wp-json\/wp\/v2\/tags?post=2578"}],"curies":[{"name":"wp","href":"https:\/\/api.w.org\/{rel}","templated":true}]}}