{"id":25824,"date":"2020-12-25T05:39:20","date_gmt":"2020-12-25T05:39:20","guid":{"rendered":"http:\/\/centralmedia.rs\/?p=25824"},"modified":"2020-12-29T00:37:30","modified_gmt":"2020-12-29T00:37:30","slug":"deda-mraz-je-stigao-u-svilajnac","status":"publish","type":"post","link":"https:\/\/centralmedia.rs\/index.php\/2020\/12\/25\/deda-mraz-je-stigao-u-svilajnac\/","title":{"rendered":"DEDA MRAZ JE STIGAO U SVILAJNAC"},"content":{"rendered":"<p>SVILAJNAC- U toku je podela novogodi\u0161njih paketi\u0107a deci do 10 godina starosti, koja su korisnici Centra za socijalni rad u Svilajncu. Paketi\u0107e \u0107e dobiti 170 mali\u0161ana. U saradnji Op\u0161tine Svilajnac i Centra za brigu o porodici pripremljeni su novogodi\u0161nji paketi\u0107i. Prethodno je Deda Mraz posetio Centar za brigu o porodici i obradovao mali\u0161ane korisnije te ustanove.<\/p>\n<div id='gallery-1' class='gallery galleryid-25824 gallery-columns-7 gallery-size-thumbnail'><figure class='gallery-item'>\n\t\t\t<div class='gallery-icon portrait'>\n\t\t\t\t<a href='https:\/\/centralmedia.rs\/index.php\/2020\/12\/25\/deda-mraz-je-stigao-u-svilajnac\/deda-mraz1-2\/'><img loading=\"lazy\" decoding=\"async\" width=\"150\" height=\"150\" src=\"https:\/\/centralmedia.rs\/wp-content\/uploads\/2020\/12\/DEDA-MRAZ1-150x150.jpg\" class=\"attachment-thumbnail size-thumbnail\" alt=\"\" \/><\/a>\n\t\t\t<\/div><\/figure><figure class='gallery-item'>\n\t\t\t<div class='gallery-icon portrait'>\n\t\t\t\t<a href='https:\/\/centralmedia.rs\/index.php\/2020\/12\/25\/deda-mraz-je-stigao-u-svilajnac\/deda-mraz2-2\/'><img loading=\"lazy\" decoding=\"async\" width=\"150\" height=\"150\" src=\"https:\/\/centralmedia.rs\/wp-content\/uploads\/2020\/12\/DEDA-MRAZ2-150x150.jpg\" class=\"attachment-thumbnail size-thumbnail\" alt=\"\" \/><\/a>\n\t\t\t<\/div><\/figure><figure class='gallery-item'>\n\t\t\t<div class='gallery-icon landscape'>\n\t\t\t\t<a href='https:\/\/centralmedia.rs\/index.php\/2020\/12\/25\/deda-mraz-je-stigao-u-svilajnac\/deda-mraz3-2\/'><img loading=\"lazy\" decoding=\"async\" width=\"150\" height=\"150\" src=\"https:\/\/centralmedia.rs\/wp-content\/uploads\/2020\/12\/DEDA-MRAZ3-150x150.jpg\" class=\"attachment-thumbnail size-thumbnail\" alt=\"\" \/><\/a>\n\t\t\t<\/div><\/figure><figure class='gallery-item'>\n\t\t\t<div class='gallery-icon landscape'>\n\t\t\t\t<a href='https:\/\/centralmedia.rs\/index.php\/2020\/12\/25\/deda-mraz-je-stigao-u-svilajnac\/deda-mraz4\/'><img loading=\"lazy\" decoding=\"async\" width=\"150\" height=\"150\" src=\"https:\/\/centralmedia.rs\/wp-content\/uploads\/2020\/12\/DEDA-MRAZ4-150x150.jpg\" class=\"attachment-thumbnail size-thumbnail\" alt=\"\" \/><\/a>\n\t\t\t<\/div><\/figure><figure class='gallery-item'>\n\t\t\t<div class='gallery-icon portrait'>\n\t\t\t\t<a href='https:\/\/centralmedia.rs\/index.php\/2020\/12\/25\/deda-mraz-je-stigao-u-svilajnac\/deda-mraz5\/'><img loading=\"lazy\" decoding=\"async\" width=\"150\" height=\"150\" src=\"https:\/\/centralmedia.rs\/wp-content\/uploads\/2020\/12\/DEDA-MRAZ5-150x150.jpg\" class=\"attachment-thumbnail size-thumbnail\" alt=\"\" \/><\/a>\n\t\t\t<\/div><\/figure><figure class='gallery-item'>\n\t\t\t<div class='gallery-icon landscape'>\n\t\t\t\t<a href='https:\/\/centralmedia.rs\/index.php\/2020\/12\/25\/deda-mraz-je-stigao-u-svilajnac\/deda-mraz6\/'><img loading=\"lazy\" decoding=\"async\" width=\"150\" height=\"150\" src=\"https:\/\/centralmedia.rs\/wp-content\/uploads\/2020\/12\/DEDA-MRAZ6-150x150.jpg\" class=\"attachment-thumbnail size-thumbnail\" alt=\"\" \/><\/a>\n\t\t\t<\/div><\/figure><figure class='gallery-item'>\n\t\t\t<div class='gallery-icon landscape'>\n\t\t\t\t<a href='https:\/\/centralmedia.rs\/index.php\/2020\/12\/25\/deda-mraz-je-stigao-u-svilajnac\/deda-mraz7\/'><img loading=\"lazy\" decoding=\"async\" width=\"150\" height=\"150\" src=\"https:\/\/centralmedia.rs\/wp-content\/uploads\/2020\/12\/DEDA-MRAZ7-150x150.jpg\" class=\"attachment-thumbnail size-thumbnail\" alt=\"\" \/><\/a>\n\t\t\t<\/div><\/figure>\n\t\t<\/div>\n\n<p>Aleksandra Stev\u010di\u0107, osniva\u010d Brendomania group, organizovala je posetu Deda Mraza Centru za brigu o porodici ,,SVILAJNAC&#8221;, koji je obradovao mali\u0161ane pismima i paketi\u0107ima.<\/p>\n<p>-Primer na\u0161e drage Sa\u0161ke, treba da bude inspiracija i motivacija svim ljudima dobre volje koji su spremni da pru\u017ee podr\u0161ku najosetljivijoj kategoriji stanovni\u0161tva, a to su deca kojoj je potrebna dodatna podr\u0161ka \u0161ire dru\u0161tvene zajednice, kazala je Ivana Petrovi\u0107, direktor ove ustanove.<\/p>\n","protected":false},"excerpt":{"rendered":"<p>SVILAJNAC- U toku je podela novogodi\u0161njih paketi\u0107a deci do 10 godina starosti, koja su korisnici Centra za socijalni rad u Svilajncu. Paketi\u0107e \u0107e dobiti 170 &hellip; <\/p>\n","protected":false},"author":2,"featured_media":25825,"comment_status":"open","ping_status":"open","sticky":false,"template":"","format":"standard","meta":{"footnotes":""},"categories":[14,1524,2,887,12,1517],"tags":[3461,346,38],"_links":{"self":[{"href":"https:\/\/centralmedia.rs\/index.php\/wp-json\/wp\/v2\/posts\/25824"}],"collection":[{"href":"https:\/\/centralmedia.rs\/index.php\/wp-json\/wp\/v2\/posts"}],"about":[{"href":"https:\/\/centralmedia.rs\/index.php\/wp-json\/wp\/v2\/types\/post"}],"author":[{"embeddable":true,"href":"https:\/\/centralmedia.rs\/index.php\/wp-json\/wp\/v2\/users\/2"}],"replies":[{"embeddable":true,"href":"https:\/\/centralmedia.rs\/index.php\/wp-json\/wp\/v2\/comments?post=25824"}],"version-history":[{"count":1,"href":"https:\/\/centralmedia.rs\/index.php\/wp-json\/wp\/v2\/posts\/25824\/revisions"}],"predecessor-version":[{"id":25833,"href":"https:\/\/centralmedia.rs\/index.php\/wp-json\/wp\/v2\/posts\/25824\/revisions\/25833"}],"wp:featuredmedia":[{"embeddable":true,"href":"https:\/\/centralmedia.rs\/index.php\/wp-json\/wp\/v2\/media\/25825"}],"wp:attachment":[{"href":"https:\/\/centralmedia.rs\/index.php\/wp-json\/wp\/v2\/media?parent=25824"}],"wp:term":[{"taxonomy":"category","embeddable":true,"href":"https:\/\/centralmedia.rs\/index.php\/wp-json\/wp\/v2\/categories?post=25824"},{"taxonomy":"post_tag","embeddable":true,"href":"https:\/\/centralmedia.rs\/index.php\/wp-json\/wp\/v2\/tags?post=25824"}],"curies":[{"name":"wp","href":"https:\/\/api.w.org\/{rel}","templated":true}]}}