{"id":25834,"date":"2020-12-25T05:41:28","date_gmt":"2020-12-25T05:41:28","guid":{"rendered":"http:\/\/centralmedia.rs\/?p=25834"},"modified":"2020-12-29T00:37:38","modified_gmt":"2020-12-29T00:37:38","slug":"razvoj-lovnog-turizma","status":"publish","type":"post","link":"https:\/\/centralmedia.rs\/index.php\/2020\/12\/25\/razvoj-lovnog-turizma\/","title":{"rendered":"RAZVOJ LOVNOG TURIZMA"},"content":{"rendered":"<p>SVILAJNAC-Predsednik Op\u0161tine Svilajnac, Predrag Milanovi\u0107 posetio je fazaneriju, koja posluje u okviru Lova\u010dkog udru\u017eenja Fazan u Sedlaru. Na sastanku sa predstavnicima udru\u017eenja, dogovoreno je da \u0107e, na osnovu ukazanih potreba, lokalna samouprava u narednoj godini izdvojiti sredstva za nekoliko projekata, od kojih se o\u010dekuje unapre\u0111enje lovstva i lovnog turizma na ovom podru\u010dju. Ve\u0107 po\u010detkom naredne godine bi\u0107e zapo\u010deti radovi na rekonstrukciji prostorija upravne zgrade Fazanerije, a nakon toga i na pro\u0161irenju sme\u0161tajnih kapaciteta, \u010dime \u0107e se proizvodnja znatno uve\u0107ati. U planu je i realizacija projekta naseljavanja populacije divljih jarebica, \u0161to \u0107e kako se o\u010dekuje, zna\u010dajno pove\u0107ati dobit od lovnog turizma i privu\u0107i ve\u0107i broj lovaca iz inostranstva.<\/p>\n<div id='gallery-1' class='gallery galleryid-25834 gallery-columns-4 gallery-size-full'><figure class='gallery-item'>\n\t\t\t<div class='gallery-icon landscape'>\n\t\t\t\t<a href='https:\/\/centralmedia.rs\/index.php\/2020\/12\/25\/razvoj-lovnog-turizma\/fazan\/'><img loading=\"lazy\" decoding=\"async\" width=\"1920\" height=\"1080\" src=\"https:\/\/centralmedia.rs\/wp-content\/uploads\/2020\/12\/FAZAN.jpg\" class=\"attachment-full size-full\" alt=\"\" srcset=\"https:\/\/centralmedia.rs\/wp-content\/uploads\/2020\/12\/FAZAN.jpg 1920w, https:\/\/centralmedia.rs\/wp-content\/uploads\/2020\/12\/FAZAN-300x169.jpg 300w, https:\/\/centralmedia.rs\/wp-content\/uploads\/2020\/12\/FAZAN-768x432.jpg 768w, https:\/\/centralmedia.rs\/wp-content\/uploads\/2020\/12\/FAZAN-1024x576.jpg 1024w, https:\/\/centralmedia.rs\/wp-content\/uploads\/2020\/12\/FAZAN-747x420.jpg 747w, https:\/\/centralmedia.rs\/wp-content\/uploads\/2020\/12\/FAZAN-640x360.jpg 640w, https:\/\/centralmedia.rs\/wp-content\/uploads\/2020\/12\/FAZAN-681x383.jpg 681w\" sizes=\"(max-width: 1920px) 100vw, 1920px\" \/><\/a>\n\t\t\t<\/div><\/figure><figure class='gallery-item'>\n\t\t\t<div class='gallery-icon landscape'>\n\t\t\t\t<a href='https:\/\/centralmedia.rs\/index.php\/2020\/12\/25\/razvoj-lovnog-turizma\/fazan1\/'><img loading=\"lazy\" decoding=\"async\" width=\"1920\" height=\"1080\" src=\"https:\/\/centralmedia.rs\/wp-content\/uploads\/2020\/12\/FAZAN1.jpg\" class=\"attachment-full size-full\" alt=\"\" srcset=\"https:\/\/centralmedia.rs\/wp-content\/uploads\/2020\/12\/FAZAN1.jpg 1920w, https:\/\/centralmedia.rs\/wp-content\/uploads\/2020\/12\/FAZAN1-300x169.jpg 300w, https:\/\/centralmedia.rs\/wp-content\/uploads\/2020\/12\/FAZAN1-768x432.jpg 768w, https:\/\/centralmedia.rs\/wp-content\/uploads\/2020\/12\/FAZAN1-1024x576.jpg 1024w, https:\/\/centralmedia.rs\/wp-content\/uploads\/2020\/12\/FAZAN1-747x420.jpg 747w, https:\/\/centralmedia.rs\/wp-content\/uploads\/2020\/12\/FAZAN1-640x360.jpg 640w, https:\/\/centralmedia.rs\/wp-content\/uploads\/2020\/12\/FAZAN1-681x383.jpg 681w\" sizes=\"(max-width: 1920px) 100vw, 1920px\" \/><\/a>\n\t\t\t<\/div><\/figure><figure class='gallery-item'>\n\t\t\t<div class='gallery-icon landscape'>\n\t\t\t\t<a href='https:\/\/centralmedia.rs\/index.php\/2020\/12\/25\/razvoj-lovnog-turizma\/fazan3\/'><img loading=\"lazy\" decoding=\"async\" width=\"1920\" height=\"1080\" src=\"https:\/\/centralmedia.rs\/wp-content\/uploads\/2020\/12\/FAZAN3.jpg\" class=\"attachment-full size-full\" alt=\"\" srcset=\"https:\/\/centralmedia.rs\/wp-content\/uploads\/2020\/12\/FAZAN3.jpg 1920w, https:\/\/centralmedia.rs\/wp-content\/uploads\/2020\/12\/FAZAN3-300x169.jpg 300w, https:\/\/centralmedia.rs\/wp-content\/uploads\/2020\/12\/FAZAN3-768x432.jpg 768w, https:\/\/centralmedia.rs\/wp-content\/uploads\/2020\/12\/FAZAN3-1024x576.jpg 1024w, https:\/\/centralmedia.rs\/wp-content\/uploads\/2020\/12\/FAZAN3-747x420.jpg 747w, https:\/\/centralmedia.rs\/wp-content\/uploads\/2020\/12\/FAZAN3-640x360.jpg 640w, https:\/\/centralmedia.rs\/wp-content\/uploads\/2020\/12\/FAZAN3-681x383.jpg 681w\" sizes=\"(max-width: 1920px) 100vw, 1920px\" \/><\/a>\n\t\t\t<\/div><\/figure><figure class='gallery-item'>\n\t\t\t<div class='gallery-icon landscape'>\n\t\t\t\t<a href='https:\/\/centralmedia.rs\/index.php\/2020\/12\/25\/razvoj-lovnog-turizma\/fazan4\/'><img loading=\"lazy\" decoding=\"async\" width=\"1920\" height=\"1080\" src=\"https:\/\/centralmedia.rs\/wp-content\/uploads\/2020\/12\/FAZAN4.jpg\" class=\"attachment-full size-full\" alt=\"\" srcset=\"https:\/\/centralmedia.rs\/wp-content\/uploads\/2020\/12\/FAZAN4.jpg 1920w, https:\/\/centralmedia.rs\/wp-content\/uploads\/2020\/12\/FAZAN4-300x169.jpg 300w, https:\/\/centralmedia.rs\/wp-content\/uploads\/2020\/12\/FAZAN4-768x432.jpg 768w, https:\/\/centralmedia.rs\/wp-content\/uploads\/2020\/12\/FAZAN4-1024x576.jpg 1024w, https:\/\/centralmedia.rs\/wp-content\/uploads\/2020\/12\/FAZAN4-747x420.jpg 747w, https:\/\/centralmedia.rs\/wp-content\/uploads\/2020\/12\/FAZAN4-640x360.jpg 640w, https:\/\/centralmedia.rs\/wp-content\/uploads\/2020\/12\/FAZAN4-681x383.jpg 681w\" sizes=\"(max-width: 1920px) 100vw, 1920px\" \/><\/a>\n\t\t\t<\/div><\/figure>\n\t\t<\/div>\n\n","protected":false},"excerpt":{"rendered":"<p>SVILAJNAC-Predsednik Op\u0161tine Svilajnac, Predrag Milanovi\u0107 posetio je fazaneriju, koja posluje u okviru Lova\u010dkog udru\u017eenja Fazan u Sedlaru. Na sastanku sa predstavnicima udru\u017eenja, dogovoreno je da &hellip; <\/p>\n","protected":false},"author":2,"featured_media":25835,"comment_status":"open","ping_status":"open","sticky":false,"template":"","format":"standard","meta":{"footnotes":""},"categories":[1524,2,23,887,1517,3054],"tags":[4979,727,38],"_links":{"self":[{"href":"https:\/\/centralmedia.rs\/index.php\/wp-json\/wp\/v2\/posts\/25834"}],"collection":[{"href":"https:\/\/centralmedia.rs\/index.php\/wp-json\/wp\/v2\/posts"}],"about":[{"href":"https:\/\/centralmedia.rs\/index.php\/wp-json\/wp\/v2\/types\/post"}],"author":[{"embeddable":true,"href":"https:\/\/centralmedia.rs\/index.php\/wp-json\/wp\/v2\/users\/2"}],"replies":[{"embeddable":true,"href":"https:\/\/centralmedia.rs\/index.php\/wp-json\/wp\/v2\/comments?post=25834"}],"version-history":[{"count":1,"href":"https:\/\/centralmedia.rs\/index.php\/wp-json\/wp\/v2\/posts\/25834\/revisions"}],"predecessor-version":[{"id":25840,"href":"https:\/\/centralmedia.rs\/index.php\/wp-json\/wp\/v2\/posts\/25834\/revisions\/25840"}],"wp:featuredmedia":[{"embeddable":true,"href":"https:\/\/centralmedia.rs\/index.php\/wp-json\/wp\/v2\/media\/25835"}],"wp:attachment":[{"href":"https:\/\/centralmedia.rs\/index.php\/wp-json\/wp\/v2\/media?parent=25834"}],"wp:term":[{"taxonomy":"category","embeddable":true,"href":"https:\/\/centralmedia.rs\/index.php\/wp-json\/wp\/v2\/categories?post=25834"},{"taxonomy":"post_tag","embeddable":true,"href":"https:\/\/centralmedia.rs\/index.php\/wp-json\/wp\/v2\/tags?post=25834"}],"curies":[{"name":"wp","href":"https:\/\/api.w.org\/{rel}","templated":true}]}}