{"id":25859,"date":"2020-12-29T00:11:33","date_gmt":"2020-12-29T00:11:33","guid":{"rendered":"http:\/\/centralmedia.rs\/?p=25859"},"modified":"2020-12-31T18:50:28","modified_gmt":"2020-12-31T18:50:28","slug":"novogodisnja-carolija-tv-centra","status":"publish","type":"post","link":"https:\/\/centralmedia.rs\/index.php\/2020\/12\/29\/novogodisnja-carolija-tv-centra\/","title":{"rendered":"NOVOGODI\u0160NJA \u010cAROLIJA TV CENTRA"},"content":{"rendered":"<p>SVILAJNAC- TV Centar iz Svilajnaca ve\u0107 trinaest godina Novogodi\u0161nji program u potpunosti posve\u0107uje najmla\u0111ima. I ove godine obrazovne ustanove, prosvetni radnici, vaspita\u010di, saradnici i prijatelji pomogli su u pripremama zahtevnog programa u kome glavne uloge imaju deca iz vrti\u0107a, osnovnih i muzi\u010dkih \u0161kola, gimnasti\u010dkih klubova. Veliki deo protekle godine gra\u0111ani su proveli u svojim domovima, na balkonima i prozorima, tako je i ambijent ovogodi\u0161nje prazni\u010dne \u010darolije pravi mali kom\u0161iluk iz snova u kome \u0107emo do\u010dekati zdraviju i sre\u0107niju 2021. godinu.<\/p>\n<p>-Svake godine je sve lep\u0161e i bolje, ove godine to su novogodi\u0161nje \u010darape i oki\u0107eni balkoni, kao da smo u gradu iz bajke, ka\u017eu deca koja su u\u010destvovala u snimanju programa.<\/p>\n<div id='gallery-1' class='gallery galleryid-25859 gallery-columns-3 gallery-size-thumbnail'><figure class='gallery-item'>\n\t\t\t<div class='gallery-icon landscape'>\n\t\t\t\t<a href='https:\/\/centralmedia.rs\/index.php\/2020\/12\/29\/novogodisnja-carolija-tv-centra\/nova-godina-2\/'><img loading=\"lazy\" decoding=\"async\" width=\"150\" height=\"150\" src=\"https:\/\/centralmedia.rs\/wp-content\/uploads\/2020\/12\/nova-godina-150x150.jpg\" class=\"attachment-thumbnail size-thumbnail\" alt=\"\" \/><\/a>\n\t\t\t<\/div><\/figure><figure class='gallery-item'>\n\t\t\t<div class='gallery-icon portrait'>\n\t\t\t\t<a href='https:\/\/centralmedia.rs\/index.php\/2020\/12\/29\/novogodisnja-carolija-tv-centra\/nova-godina1\/'><img loading=\"lazy\" decoding=\"async\" width=\"150\" height=\"150\" src=\"https:\/\/centralmedia.rs\/wp-content\/uploads\/2020\/12\/nova-godina1-150x150.jpg\" class=\"attachment-thumbnail size-thumbnail\" alt=\"\" \/><\/a>\n\t\t\t<\/div><\/figure><figure class='gallery-item'>\n\t\t\t<div class='gallery-icon portrait'>\n\t\t\t\t<a href='https:\/\/centralmedia.rs\/index.php\/2020\/12\/29\/novogodisnja-carolija-tv-centra\/nova-godina3\/'><img loading=\"lazy\" decoding=\"async\" width=\"150\" height=\"150\" src=\"https:\/\/centralmedia.rs\/wp-content\/uploads\/2020\/12\/nova-godina3-150x150.jpg\" class=\"attachment-thumbnail size-thumbnail\" alt=\"\" \/><\/a>\n\t\t\t<\/div><\/figure>\n\t\t<\/div>\n\n<p>-Na\u0161a deca su privilegovana, jer deca u drugim gradovima nemaju priliku da u\u010destvuju u ovakvom programu, to je divno u njihovom odrastanju. Scenografija je prelepa i uvek se obradujemo, \u010dekamo sa nestrpljenjem emitovanje novogodi\u0161njeg programa TV Centra, sa nestrpljenjem pri\u010daju roditelji.<\/p>\n","protected":false},"excerpt":{"rendered":"<p>SVILAJNAC- TV Centar iz Svilajnaca ve\u0107 trinaest godina Novogodi\u0161nji program u potpunosti posve\u0107uje najmla\u0111ima. I ove godine obrazovne ustanove, prosvetni radnici, vaspita\u010di, saradnici i prijatelji &hellip; <\/p>\n","protected":false},"author":2,"featured_media":25860,"comment_status":"open","ping_status":"open","sticky":false,"template":"","format":"standard","meta":{"footnotes":""},"categories":[1524,2,23,887,1517,3055],"tags":[4982,38,264],"_links":{"self":[{"href":"https:\/\/centralmedia.rs\/index.php\/wp-json\/wp\/v2\/posts\/25859"}],"collection":[{"href":"https:\/\/centralmedia.rs\/index.php\/wp-json\/wp\/v2\/posts"}],"about":[{"href":"https:\/\/centralmedia.rs\/index.php\/wp-json\/wp\/v2\/types\/post"}],"author":[{"embeddable":true,"href":"https:\/\/centralmedia.rs\/index.php\/wp-json\/wp\/v2\/users\/2"}],"replies":[{"embeddable":true,"href":"https:\/\/centralmedia.rs\/index.php\/wp-json\/wp\/v2\/comments?post=25859"}],"version-history":[{"count":1,"href":"https:\/\/centralmedia.rs\/index.php\/wp-json\/wp\/v2\/posts\/25859\/revisions"}],"predecessor-version":[{"id":25864,"href":"https:\/\/centralmedia.rs\/index.php\/wp-json\/wp\/v2\/posts\/25859\/revisions\/25864"}],"wp:featuredmedia":[{"embeddable":true,"href":"https:\/\/centralmedia.rs\/index.php\/wp-json\/wp\/v2\/media\/25860"}],"wp:attachment":[{"href":"https:\/\/centralmedia.rs\/index.php\/wp-json\/wp\/v2\/media?parent=25859"}],"wp:term":[{"taxonomy":"category","embeddable":true,"href":"https:\/\/centralmedia.rs\/index.php\/wp-json\/wp\/v2\/categories?post=25859"},{"taxonomy":"post_tag","embeddable":true,"href":"https:\/\/centralmedia.rs\/index.php\/wp-json\/wp\/v2\/tags?post=25859"}],"curies":[{"name":"wp","href":"https:\/\/api.w.org\/{rel}","templated":true}]}}