{"id":2588,"date":"2016-04-01T14:36:51","date_gmt":"2016-04-01T14:36:51","guid":{"rendered":"http:\/\/centralmedia.rs\/?p=2588"},"modified":"2016-04-01T14:36:51","modified_gmt":"2016-04-01T14:36:51","slug":"turski-tekstilci-u-cupriji","status":"publish","type":"post","link":"https:\/\/centralmedia.rs\/index.php\/2016\/04\/01\/turski-tekstilci-u-cupriji\/","title":{"rendered":"TURSKI TEKSTILCI U \u0106UPRIJI"},"content":{"rendered":"<p>\u0106UPRIJA-Delegacija privrednika iz Turske  ponovo obi\u0161la industrijsku zonu u \u0106upriji i posle toga zatra\u017een je  zajedni\u010dki sastanak sa delegacijom te op\u0161tine kod ministra trgovine, turizma i telekomunikacija dr Rasima Ljaji\u0107a. Tokom pro\u0161le nedelje su privrednici iz Turske dva puta su posetili \u0106upriju sa ciljem prikupljanja neophodnih informacija vezanih za industrijski potencijal tog grada.<br \/>\nIna\u010de, delegacija privrednika iz Turske bavi se proizvodnjom tekstila i  zainteresovani su za braunfild lokacije, odnosno zakup hala.<a href=\"https:\/\/centralmedia.rs\/wp-content\/uploads\/2016\/04\/eric-1.jpg\" rel=\"attachment wp-att-2590\"><img loading=\"lazy\" decoding=\"async\" src=\"https:\/\/centralmedia.rs\/wp-content\/uploads\/2016\/04\/eric-1-300x219.jpg\" alt=\"eric 1\" width=\"300\" height=\"219\" class=\"alignnone size-medium wp-image-2590\" srcset=\"https:\/\/centralmedia.rs\/wp-content\/uploads\/2016\/04\/eric-1-300x219.jpg 300w, https:\/\/centralmedia.rs\/wp-content\/uploads\/2016\/04\/eric-1-768x560.jpg 768w, https:\/\/centralmedia.rs\/wp-content\/uploads\/2016\/04\/eric-1-324x235.jpg 324w, https:\/\/centralmedia.rs\/wp-content\/uploads\/2016\/04\/eric-1.jpg 900w\" sizes=\"(max-width: 300px) 100vw, 300px\" \/><\/a><br \/>\nNjima je predo\u010dena blizina saobra\u0107ajnica i me\u0111unarodnih koridora, kao i slobodnih 12 hektar povr\u0161ine u novoj industrijskoj zoni.  Turci su obi\u0161ili hale biv\u0161eg preduze\u0107a Mladost.      <\/p>\n","protected":false},"excerpt":{"rendered":"<p>\u0106UPRIJA-Delegacija privrednika iz Turske ponovo obi\u0161la industrijsku zonu u \u0106upriji i posle toga zatra\u017een je zajedni\u010dki sastanak sa delegacijom te op\u0161tine kod ministra trgovine, turizma &hellip; <\/p>\n","protected":false},"author":4,"featured_media":2589,"comment_status":"open","ping_status":"open","sticky":false,"template":"","format":"standard","meta":{"footnotes":""},"categories":[22,2,12],"tags":[671,673,672,670],"_links":{"self":[{"href":"https:\/\/centralmedia.rs\/index.php\/wp-json\/wp\/v2\/posts\/2588"}],"collection":[{"href":"https:\/\/centralmedia.rs\/index.php\/wp-json\/wp\/v2\/posts"}],"about":[{"href":"https:\/\/centralmedia.rs\/index.php\/wp-json\/wp\/v2\/types\/post"}],"author":[{"embeddable":true,"href":"https:\/\/centralmedia.rs\/index.php\/wp-json\/wp\/v2\/users\/4"}],"replies":[{"embeddable":true,"href":"https:\/\/centralmedia.rs\/index.php\/wp-json\/wp\/v2\/comments?post=2588"}],"version-history":[{"count":0,"href":"https:\/\/centralmedia.rs\/index.php\/wp-json\/wp\/v2\/posts\/2588\/revisions"}],"wp:featuredmedia":[{"embeddable":true,"href":"https:\/\/centralmedia.rs\/index.php\/wp-json\/wp\/v2\/media\/2589"}],"wp:attachment":[{"href":"https:\/\/centralmedia.rs\/index.php\/wp-json\/wp\/v2\/media?parent=2588"}],"wp:term":[{"taxonomy":"category","embeddable":true,"href":"https:\/\/centralmedia.rs\/index.php\/wp-json\/wp\/v2\/categories?post=2588"},{"taxonomy":"post_tag","embeddable":true,"href":"https:\/\/centralmedia.rs\/index.php\/wp-json\/wp\/v2\/tags?post=2588"}],"curies":[{"name":"wp","href":"https:\/\/api.w.org\/{rel}","templated":true}]}}