{"id":25899,"date":"2021-01-06T12:43:24","date_gmt":"2021-01-06T12:43:24","guid":{"rendered":"http:\/\/centralmedia.rs\/?p=25899"},"modified":"2021-01-13T09:23:19","modified_gmt":"2021-01-13T09:23:19","slug":"novi-bejbi-bum-u-svilajncu-u-2020-godini-rodeno-cak-30-beba-vise-nego-prethodne-godine","status":"publish","type":"post","link":"https:\/\/centralmedia.rs\/index.php\/2021\/01\/06\/novi-bejbi-bum-u-svilajncu-u-2020-godini-rodeno-cak-30-beba-vise-nego-prethodne-godine\/","title":{"rendered":"NOVI BEJBI BUM U SVILAJNCU: U 2020. GODINI RO\u0110ENO \u010cAK 30 BEBA VI\u0160E NEGO PRETHODNE GODINE"},"content":{"rendered":"<p>SVILAJNAC- Svilajn\u010danima je 2020. godina donela \u00a0razlog za ponos, jer je na teritoriji ove op\u0161tine ro\u0111eno 148 beba, \u0161to je za skoro za tre\u0107inu vi\u0161e nego u godini pre. Predsednik op\u0161tine Svilajnac Predrag Milanovi\u0107 ka\u017ee da su populaciona politika, koja se vodi deceniju unazad, kao i pobolj\u0161anje kvaliteta \u017eivota gra\u0111ana Svilajnca, doprineli da Svilajn\u010dani pro\u0161iruju svoje porodice<\/p>\n<p>-Ponosan sam i sre\u0107an da u 2020. godini imamo \u010dime da se pohvalimo i da imamo 30 ro\u0111enih beba vi\u0161e nego 2019. godine. Mere koje uspe\u0161no sprovodimo pomogle su da nam natalitet bude u porastu, iz bud\u017eeta op\u0161tine svake godine izdvajamo po 20.000 dinara za prvo i drugo ro\u0111eno dete i 30.000 dinara za tre\u0107e dete. Svaka ro\u0111ena beba dobija simboli\u010dan poklon dobrodo\u0161lice &#8211; paket sa bebi opremom, a godi\u0161nje izdvajamo 2,5 miliona dinara za finansiranje 5 vantelesnih oplodnji za parove koji nemaju vi\u0161e prava na dr\u017eavni besplatni program, isti\u010de Milanovi\u0107 i otkriva \u0161ta je jo\u0161 uticalo na porast nataliteta u ovoj op\u0161tini.<\/p>\n<p>-Najva\u017enija stvar je stvoriti uslove i sadr\u017eaje za \u017eivot koji \u0107e privu\u0107i mlade ljude da ostanu u svom gradu i tu osnuju porodice.\u00a0 Kroz programe zapo\u0161ljavanja, stru\u010dnog usavr\u0161avanja i ja\u010danjem privrede, podi\u017eemo standard gra\u0111ana, a sve je to preduslov i za osnivanje porodice i porast nataliteta.\u00a0 Zatim, otvorili smo i Centar za brigu o porodici, koji kroz niz programa pru\u017ea\u00a0 besplatnu podr\u0161ku porodicama, otvorili smo i besplatne vrti\u0107e u 12 sela, a konstantno radimo i na razvoju kulture, sporta, infrastrukture.., otkriva Milanovi\u0107 .<\/p>\n<p>U 2020. godini Svilajanc je postao bogatiji za 76 devoj\u010dice i 72 de\u010daka.<\/p>\n","protected":false},"excerpt":{"rendered":"<p>SVILAJNAC- Svilajn\u010danima je 2020. godina donela \u00a0razlog za ponos, jer je na teritoriji ove op\u0161tine ro\u0111eno 148 beba, \u0161to je za skoro za tre\u0107inu vi\u0161e &hellip; <\/p>\n","protected":false},"author":2,"featured_media":25900,"comment_status":"open","ping_status":"open","sticky":false,"template":"","format":"standard","meta":{"footnotes":""},"categories":[14,1524,2,12,1517],"tags":[4988,38],"_links":{"self":[{"href":"https:\/\/centralmedia.rs\/index.php\/wp-json\/wp\/v2\/posts\/25899"}],"collection":[{"href":"https:\/\/centralmedia.rs\/index.php\/wp-json\/wp\/v2\/posts"}],"about":[{"href":"https:\/\/centralmedia.rs\/index.php\/wp-json\/wp\/v2\/types\/post"}],"author":[{"embeddable":true,"href":"https:\/\/centralmedia.rs\/index.php\/wp-json\/wp\/v2\/users\/2"}],"replies":[{"embeddable":true,"href":"https:\/\/centralmedia.rs\/index.php\/wp-json\/wp\/v2\/comments?post=25899"}],"version-history":[{"count":1,"href":"https:\/\/centralmedia.rs\/index.php\/wp-json\/wp\/v2\/posts\/25899\/revisions"}],"predecessor-version":[{"id":25901,"href":"https:\/\/centralmedia.rs\/index.php\/wp-json\/wp\/v2\/posts\/25899\/revisions\/25901"}],"wp:featuredmedia":[{"embeddable":true,"href":"https:\/\/centralmedia.rs\/index.php\/wp-json\/wp\/v2\/media\/25900"}],"wp:attachment":[{"href":"https:\/\/centralmedia.rs\/index.php\/wp-json\/wp\/v2\/media?parent=25899"}],"wp:term":[{"taxonomy":"category","embeddable":true,"href":"https:\/\/centralmedia.rs\/index.php\/wp-json\/wp\/v2\/categories?post=25899"},{"taxonomy":"post_tag","embeddable":true,"href":"https:\/\/centralmedia.rs\/index.php\/wp-json\/wp\/v2\/tags?post=25899"}],"curies":[{"name":"wp","href":"https:\/\/api.w.org\/{rel}","templated":true}]}}