{"id":25915,"date":"2021-01-07T22:11:41","date_gmt":"2021-01-07T22:11:41","guid":{"rendered":"http:\/\/centralmedia.rs\/?p=25915"},"modified":"2021-01-13T09:23:56","modified_gmt":"2021-01-13T09:23:56","slug":"palma-slavimo-sa-duhovnim-osecajem-a-ne-samo-zbog-tradicije","status":"publish","type":"post","link":"https:\/\/centralmedia.rs\/index.php\/2021\/01\/07\/palma-slavimo-sa-duhovnim-osecajem-a-ne-samo-zbog-tradicije\/","title":{"rendered":"PALMA : SLAVIMO SA DUHOVNIM OSE\u0106AJEM, A NE SAMO ZBOG TRADICIJE"},"content":{"rendered":"<p>JAGODINA-\u201cMi Srbi slavimo ovaj Bo\u017ei\u0107 na\u017ealost bez Njegove svetosti Patrijarha srpskog Irineja, koji nas je napustio, ali \u0107emo uvek pamtiti njegovu poruku da su crkva i narod zajedno i kada je dobro i kada je lo\u0161e. Bo\u017ei\u0107 se slavi porodi\u010dno, ali ve\u010deras u crkvi na Badnje ve\u010de nismo sa \u010dlanovima porodice, zbog epidemiolo\u0161ke situacije i opake bolesti koja je zadesila ceo svet, pa i na\u0161u zemlju i na\u0161e porodice su ostale kod ku\u0107e. Do\u0161li smo mi u ime na\u0161ih porodica da po\u0161aljemo poruku srpskom pravoslavnom narodu, da \u0107e, kako se najavljuje, borba sa koronom virusom potrajati jo\u0161 nekoliko meseci, ova 2021. godina biti te\u017ea\u201d, izjavio je predsednik Jedinstvene Srbije, narodni poslanik i predsednik Skup\u0161tine grada Jagodine, Dragan Markovi\u0107 Palma u Hramu Svetog Jovana Krstitelja u Kon\u010darevu kraj Jagodine, \u010diji je ktitor Markovi\u0107 sa porodicom. \u201cOno \u0161to je najva\u017enije je da sve praznike koje slavimo, mi Srbi pravoslavci, da to ne radimo zbog tradicije, zato \u0161to su to radili na\u0161 pradeda, deda i otac, ve\u0107 da imamo duhovni ose\u0107aj kada ne\u0161to radimo i slavimo, jer ako to duhovno radimo, onda postoji samopouzdanje i siguran sam da ogromna ve\u0107ina gra\u0111ana Srbije duhovno slavi Bo\u017ei\u0107. Ja \u017eelim i da po\u0161aljem poruku onima koji su posva\u0111ani, Bo\u017ei\u0107 je dan za mirenje, da se pomire, da se ne sva\u0111aju, da pra\u0161taju drugima i onda \u0107e Bog oprostiti nama ukoiko smo gre\u0161ili, a nema bezgre\u0161nog \u010doveka na svetu. Kada je u pitanju grad Jagodina, nastavi\u0107emo onako kako smo radili i do sada, da obnavljamo na\u0161e crkve i da crkve budu mesto gde \u0107e da se prave ven\u010danja, deca da se krste i da nas okuplja samo ne\u0161to \u0161to je lepo, a ne ne\u0161to \u0161to je lo\u0161e, kao \u0161to je bilo u 2020. godini zbog korona virusa\u201d, rekao je Markovi\u0107.<\/p>\n<p><img loading=\"lazy\" decoding=\"async\" class=\"alignnone wp-image-25917 size-large\" src=\"http:\/\/centralmedia.rs\/wp-content\/uploads\/2021\/01\/PALMA-1-1024x768.jpg\" alt=\"\" width=\"640\" height=\"480\" srcset=\"https:\/\/centralmedia.rs\/wp-content\/uploads\/2021\/01\/PALMA-1-1024x768.jpg 1024w, https:\/\/centralmedia.rs\/wp-content\/uploads\/2021\/01\/PALMA-1-300x225.jpg 300w, https:\/\/centralmedia.rs\/wp-content\/uploads\/2021\/01\/PALMA-1-768x576.jpg 768w, https:\/\/centralmedia.rs\/wp-content\/uploads\/2021\/01\/PALMA-1-560x420.jpg 560w, https:\/\/centralmedia.rs\/wp-content\/uploads\/2021\/01\/PALMA-1-80x60.jpg 80w, https:\/\/centralmedia.rs\/wp-content\/uploads\/2021\/01\/PALMA-1-100x75.jpg 100w, https:\/\/centralmedia.rs\/wp-content\/uploads\/2021\/01\/PALMA-1-180x135.jpg 180w, https:\/\/centralmedia.rs\/wp-content\/uploads\/2021\/01\/PALMA-1-238x178.jpg 238w, https:\/\/centralmedia.rs\/wp-content\/uploads\/2021\/01\/PALMA-1-640x480.jpg 640w, https:\/\/centralmedia.rs\/wp-content\/uploads\/2021\/01\/PALMA-1-681x511.jpg 681w, https:\/\/centralmedia.rs\/wp-content\/uploads\/2021\/01\/PALMA-1.jpg 1600w\" sizes=\"(max-width: 640px) 100vw, 640px\" \/><\/p>\n<p>PORUKA ONIMA SA KOJIMA SMO BILI U SUKOBU : ZABORAV NE, EKONOMSKA SARADNJA DA<\/p>\n<p>\u201c\u017delim i da po\u0161aljem poruku i onima u me\u0111unarodnoj zajednici iz institucija koje odlu\u010duju o sudbini gra\u0111ana Srbije, da, kako mi po\u0161tujemo njhovu veru i obi\u010daje, tako da i oni po\u0161tuju i srpske pravoslavne obi\u010daje i da za\u0161tite na\u0161e manastire, crkve i groblja na\u0161ih predaka na Kosovu i Metohiji od onih koji ru\u0161e i da pozovem sve one sa kojima smo bili u sukobu, gde je politika posva\u0111ala narode, u Hrvatskoj, Bosni i Hercegovini i one na Kosovu i Metohiji koji nisu okrvavili ruke nad Srbima, da mi nikada ne mo\u017eemo da zaboravimo, ni mi njima ni oni nama, ali \u017eivot mora da ide dalje. Da bude \u0161to manje retorike koja \u0107e sva\u0111ati narode i da narodi koji su nekada \u010dinili Jugoslaviju ekonomski sara\u0111uju, jer samo ako va\u0161a dr\u017eava ima ekonomsku mo\u0107, onda mo\u017eete da budete nezavisni, a Srbija prednja\u010di kada je u pitanju ekonomska mo\u0107, ne samo kada su u pitanju republike biv\u0161e Jugoslavije ve\u0107 i u Evropskoj uniji. I na kraju, dru\u017eite se, po\u0161tujte se i volite se ljudi. Hristos se rodi\u201d, rekao je Markovi\u0107.<\/p>\n<p>&nbsp;<\/p>\n","protected":false},"excerpt":{"rendered":"<p>JAGODINA-\u201cMi Srbi slavimo ovaj Bo\u017ei\u0107 na\u017ealost bez Njegove svetosti Patrijarha srpskog Irineja, koji nas je napustio, ali \u0107emo uvek pamtiti njegovu poruku da su crkva &hellip; <\/p>\n","protected":false},"author":2,"featured_media":25916,"comment_status":"open","ping_status":"open","sticky":false,"template":"","format":"standard","meta":{"footnotes":""},"categories":[1524,2,1514,13,12],"tags":[2549,58,120],"_links":{"self":[{"href":"https:\/\/centralmedia.rs\/index.php\/wp-json\/wp\/v2\/posts\/25915"}],"collection":[{"href":"https:\/\/centralmedia.rs\/index.php\/wp-json\/wp\/v2\/posts"}],"about":[{"href":"https:\/\/centralmedia.rs\/index.php\/wp-json\/wp\/v2\/types\/post"}],"author":[{"embeddable":true,"href":"https:\/\/centralmedia.rs\/index.php\/wp-json\/wp\/v2\/users\/2"}],"replies":[{"embeddable":true,"href":"https:\/\/centralmedia.rs\/index.php\/wp-json\/wp\/v2\/comments?post=25915"}],"version-history":[{"count":1,"href":"https:\/\/centralmedia.rs\/index.php\/wp-json\/wp\/v2\/posts\/25915\/revisions"}],"predecessor-version":[{"id":25918,"href":"https:\/\/centralmedia.rs\/index.php\/wp-json\/wp\/v2\/posts\/25915\/revisions\/25918"}],"wp:featuredmedia":[{"embeddable":true,"href":"https:\/\/centralmedia.rs\/index.php\/wp-json\/wp\/v2\/media\/25916"}],"wp:attachment":[{"href":"https:\/\/centralmedia.rs\/index.php\/wp-json\/wp\/v2\/media?parent=25915"}],"wp:term":[{"taxonomy":"category","embeddable":true,"href":"https:\/\/centralmedia.rs\/index.php\/wp-json\/wp\/v2\/categories?post=25915"},{"taxonomy":"post_tag","embeddable":true,"href":"https:\/\/centralmedia.rs\/index.php\/wp-json\/wp\/v2\/tags?post=25915"}],"curies":[{"name":"wp","href":"https:\/\/api.w.org\/{rel}","templated":true}]}}