{"id":2592,"date":"2016-04-01T14:50:06","date_gmt":"2016-04-01T14:50:06","guid":{"rendered":"http:\/\/centralmedia.rs\/?p=2592"},"modified":"2017-01-20T02:36:55","modified_gmt":"2017-01-20T02:36:55","slug":"strucna-praksa-za-desetoro-mladih","status":"publish","type":"post","link":"https:\/\/centralmedia.rs\/index.php\/2016\/04\/01\/strucna-praksa-za-desetoro-mladih\/","title":{"rendered":"STRU\u010cNA PRAKSA ZA DESETORO MLADIH"},"content":{"rendered":"<p>SVILAJNAC-Sara Raj\u010di\u0107 , Violeta \u0110or\u0111evi\u0107 , Jovan Manojlovi\u0107, Katarina Kruni\u0107, Maja An\u0111elkovi\u0107, Suzana Savi\u0107, Ivan Stamenovi\u0107, Emina Jano\u0161evi\u0107, Ivana Spasojevi\u0107 i Ivana Mladenovi\u0107 desetoro je mladih Svilajn\u010dana koji su danas primili Ugovore o obavljanju stru\u010dne prakse u javnim ustanovama na teritoriji op\u0161tine Svilajnac. Ugovore im je uru\u010dio predsednik op\u0161tine Svilajnac Predrag Milanovi\u0107, \u010dime je obele\u017een i po\u010detak programa stru\u010dne prakse.<br \/>\n-Politika op\u0161tine Svilajnac u protekle \u010detiri godine bila je da zapo\u0161ljava i pru\u017ea \u0161ansu mladim ljudima, jer bez njih, njihovih znanja i sposobnosti, ne bismo ni mogli da napravimo ovoliko uspeha i pomaka na svim poljima. Trenutno je stru\u010dnoj praksi u javnim ustanovama ukupno 22. mladih ljudi, a moram da napomenem da smo dosta njih uspeli i da zaposlimo posle obavljene stru\u010dne prakse, izjavio je Milanovi\u0107.<br \/>\nProgram stru\u010dne prakse, koji je u skladu sa usvojenim Lokalnim akcionim planom zapo\u0161ljavanja za 2016. godinu, jedan je od programa i mera aktivne politike zapo\u0161ljavanja u 2016. godini. Namenjen je nezaposlenim licima sa najmanje \u010detvorogodi\u0161njim visokim obrazovanjem. Ovaj program traje 12 meseci, a njegovu realizaciju finansira op\u0161tina Svilajnac, uz tehni\u010dku podr\u0161ku Nacionalne slu\u017ebe za zapo\u0161ljavanje.<br \/>\nZamenica predsednika op\u0161tine dr Danijela Stojadinovi\u0107 istakla je kako je naro\u010dito raduje entuzijazam koji je primetila kod ovih mladih ljudi.<br \/>\n-Nama je cilj da aktiviramo mlade, pametne, obrazovane ljude, kojih imamo puno. Trudili smo se i da kroz infrastrukturu i druge projekte koje radimo te mlade ljude dodatno motivi\u0161emo da se, nakon fakulteta, vrate u Svilajnac, zaklju\u010dila je ona.<\/p>\n<p><strong><em>Svilajna\u010dka razglednica \u2013 Projekat se realizuje uz pomo\u0107 sredstava iz bud\u017eeta Op\u0161tine Svilajnac.<\/em><\/strong><\/p>\n","protected":false},"excerpt":{"rendered":"<p>SVILAJNAC-Sara Raj\u010di\u0107 , Violeta \u0110or\u0111evi\u0107 , Jovan Manojlovi\u0107, Katarina Kruni\u0107, Maja An\u0111elkovi\u0107, Suzana Savi\u0107, Ivan Stamenovi\u0107, Emina Jano\u0161evi\u0107, Ivana Spasojevi\u0107 i Ivana Mladenovi\u0107 desetoro je &hellip; <\/p>\n","protected":false},"author":4,"featured_media":2593,"comment_status":"open","ping_status":"open","sticky":false,"template":"","format":"standard","meta":{"footnotes":""},"categories":[14,1524,2,887,12,1517],"tags":[675,674,38],"_links":{"self":[{"href":"https:\/\/centralmedia.rs\/index.php\/wp-json\/wp\/v2\/posts\/2592"}],"collection":[{"href":"https:\/\/centralmedia.rs\/index.php\/wp-json\/wp\/v2\/posts"}],"about":[{"href":"https:\/\/centralmedia.rs\/index.php\/wp-json\/wp\/v2\/types\/post"}],"author":[{"embeddable":true,"href":"https:\/\/centralmedia.rs\/index.php\/wp-json\/wp\/v2\/users\/4"}],"replies":[{"embeddable":true,"href":"https:\/\/centralmedia.rs\/index.php\/wp-json\/wp\/v2\/comments?post=2592"}],"version-history":[{"count":0,"href":"https:\/\/centralmedia.rs\/index.php\/wp-json\/wp\/v2\/posts\/2592\/revisions"}],"wp:featuredmedia":[{"embeddable":true,"href":"https:\/\/centralmedia.rs\/index.php\/wp-json\/wp\/v2\/media\/2593"}],"wp:attachment":[{"href":"https:\/\/centralmedia.rs\/index.php\/wp-json\/wp\/v2\/media?parent=2592"}],"wp:term":[{"taxonomy":"category","embeddable":true,"href":"https:\/\/centralmedia.rs\/index.php\/wp-json\/wp\/v2\/categories?post=2592"},{"taxonomy":"post_tag","embeddable":true,"href":"https:\/\/centralmedia.rs\/index.php\/wp-json\/wp\/v2\/tags?post=2592"}],"curies":[{"name":"wp","href":"https:\/\/api.w.org\/{rel}","templated":true}]}}