{"id":25928,"date":"2021-01-13T09:15:53","date_gmt":"2021-01-13T09:15:53","guid":{"rendered":"http:\/\/centralmedia.rs\/?p=25928"},"modified":"2021-01-19T13:09:52","modified_gmt":"2021-01-19T13:09:52","slug":"nagrada-za-petra-bozicica-u-rumuniji","status":"publish","type":"post","link":"https:\/\/centralmedia.rs\/index.php\/2021\/01\/13\/nagrada-za-petra-bozicica-u-rumuniji\/","title":{"rendered":"NAGRADA ZA PETRA BO\u017dI\u010cI\u0106A U RUMUNIJI"},"content":{"rendered":"<p>PARA\u0106IN- Para\u0107inac Petar Bo\u017ei\u010di\u0107 osvojio je prvo mesto na muzi\u010dkom festivalu u Ruminiji, u nominaciji klasi\u010dna muzika, opersko pevanje. Festival je odr\u017ean online.<\/p>\n<p><img loading=\"lazy\" decoding=\"async\" class=\"alignnone wp-image-25930 size-full\" src=\"http:\/\/centralmedia.rs\/wp-content\/uploads\/2021\/01\/petar-bozicic1.jpg\" alt=\"\" width=\"900\" height=\"502\" srcset=\"https:\/\/centralmedia.rs\/wp-content\/uploads\/2021\/01\/petar-bozicic1.jpg 900w, https:\/\/centralmedia.rs\/wp-content\/uploads\/2021\/01\/petar-bozicic1-300x167.jpg 300w, https:\/\/centralmedia.rs\/wp-content\/uploads\/2021\/01\/petar-bozicic1-768x428.jpg 768w, https:\/\/centralmedia.rs\/wp-content\/uploads\/2021\/01\/petar-bozicic1-753x420.jpg 753w, https:\/\/centralmedia.rs\/wp-content\/uploads\/2021\/01\/petar-bozicic1-640x357.jpg 640w, https:\/\/centralmedia.rs\/wp-content\/uploads\/2021\/01\/petar-bozicic1-681x380.jpg 681w\" sizes=\"(max-width: 900px) 100vw, 900px\" \/><\/p>\n<p>Omladinski \u017eiri je odabrao svoje omiljene. Na facebook na stranici Preparing stars festival je glasanje.<\/p>\n<p>Na redu su fanovi u\u010desnika i svi ljubitelji festivala da daju svoj glas. Uz \u00a0objavu, napi\u0161ite nam ime favorita za trofej mladih, ne pre nego \u0161to pa\u017eljivo slu\u0161ate nastup svakog od 2 u\u010desnika. Dozvoljeno vam je da glasate samo za jednog takmi\u010dara. Va\u0161e mi\u0161ljenje predstavlja 50 odsto kona\u010dne odluke, koju \u0107e \u017eiri doneti.<\/p>\n<p>PETAR: https:\/\/www.youtube.com\/watch?v=btTGSdrRges&#8230;<\/p>\n<p>JANO\u0160: https:\/\/www.youtube.com\/watch?v=s9kqVjNupUI&#8230;<\/p>\n","protected":false},"excerpt":{"rendered":"<p>PARA\u0106IN- Para\u0107inac Petar Bo\u017ei\u010di\u0107 osvojio je prvo mesto na muzi\u010dkom festivalu u Ruminiji, u nominaciji klasi\u010dna muzika, opersko pevanje. Festival je odr\u017ean online. Omladinski \u017eiri &hellip; <\/p>\n","protected":false},"author":2,"featured_media":25929,"comment_status":"open","ping_status":"open","sticky":false,"template":"","format":"standard","meta":{"footnotes":""},"categories":[1524,2,15,1516,887,12],"tags":[2069,156,4841],"_links":{"self":[{"href":"https:\/\/centralmedia.rs\/index.php\/wp-json\/wp\/v2\/posts\/25928"}],"collection":[{"href":"https:\/\/centralmedia.rs\/index.php\/wp-json\/wp\/v2\/posts"}],"about":[{"href":"https:\/\/centralmedia.rs\/index.php\/wp-json\/wp\/v2\/types\/post"}],"author":[{"embeddable":true,"href":"https:\/\/centralmedia.rs\/index.php\/wp-json\/wp\/v2\/users\/2"}],"replies":[{"embeddable":true,"href":"https:\/\/centralmedia.rs\/index.php\/wp-json\/wp\/v2\/comments?post=25928"}],"version-history":[{"count":1,"href":"https:\/\/centralmedia.rs\/index.php\/wp-json\/wp\/v2\/posts\/25928\/revisions"}],"predecessor-version":[{"id":25931,"href":"https:\/\/centralmedia.rs\/index.php\/wp-json\/wp\/v2\/posts\/25928\/revisions\/25931"}],"wp:featuredmedia":[{"embeddable":true,"href":"https:\/\/centralmedia.rs\/index.php\/wp-json\/wp\/v2\/media\/25929"}],"wp:attachment":[{"href":"https:\/\/centralmedia.rs\/index.php\/wp-json\/wp\/v2\/media?parent=25928"}],"wp:term":[{"taxonomy":"category","embeddable":true,"href":"https:\/\/centralmedia.rs\/index.php\/wp-json\/wp\/v2\/categories?post=25928"},{"taxonomy":"post_tag","embeddable":true,"href":"https:\/\/centralmedia.rs\/index.php\/wp-json\/wp\/v2\/tags?post=25928"}],"curies":[{"name":"wp","href":"https:\/\/api.w.org\/{rel}","templated":true}]}}