{"id":25936,"date":"2021-01-19T12:20:03","date_gmt":"2021-01-19T12:20:03","guid":{"rendered":"http:\/\/centralmedia.rs\/?p=25936"},"modified":"2021-01-29T21:14:05","modified_gmt":"2021-01-29T21:14:05","slug":"gerontoloski-centar-u-jagodini-pocinje-vakcinaciju-korisnika-i-zaposlenih-protiv-korone","status":"publish","type":"post","link":"https:\/\/centralmedia.rs\/index.php\/2021\/01\/19\/gerontoloski-centar-u-jagodini-pocinje-vakcinaciju-korisnika-i-zaposlenih-protiv-korone\/","title":{"rendered":"GERONTOLO\u0160KI CENTAR U JAGODINI PO\u010cINJE VAKCINACIJU KORISNIKA I ZAPOSLENIH PROTIV KORONE"},"content":{"rendered":"<p>JAGODINA-Vakcinacija u Gerontolo\u0161kom centru u Jagodini po\u010dinje 25. januara. To je za Central media potvr\u0111eno iz Zavoda za javno zdravlje Pomoravlje iz \u0106uprije. U Gerontolo\u0161kom centru u Jagodini ka\u017eu da s nestrpljenjem o\u010dekuju vakcinaciju, zato \u0161to \u0107e zaposleni kona\u010dno posle nekoliko meseci iza\u0107i iz re\u017eima koji je podrazumevao preventivni karantin i odvajanje zaposlenih od sopstvenih porodica na du\u017ei vremenski period. Poslednjih dana nekoliko zaposlenih, koji su na raznorazne na\u010dine izbegavali da se pridru\u017ee kolegama u preventivnom karantinu, su pojedinim medijima slali neistine o situaciji u Gerontolo\u0161kom centru u Jagodini s ciljem da se uznemiri javnost, saznajemo u toj ustanovi.<\/p>\n<p>Zbog toga u toj ustanovi ka\u017eu da se stide svojih kolega koji rade protiv interesa korisnika i interesa zaposlenih i koji se ne pridr\u017eavaju epidemiolo\u0161kih mera van radnog vremena i van ustanove.<\/p>\n<p>Direktor Milan Stojanovi\u0107 ka\u017ee u kratkoj izjavi za Centralmedia da rukovodioci u sistemu socijalne za\u0161tite ne nastupaju u medijima bez odobrenja resornog ministarstva. On dalje navodi da se situacija u GC Jagodina ni po \u010demu ne razlikuje u pore\u0111enju sa drugim ustanovama ovog tipa u Srbiji.<\/p>\n<p>Kako saznajemo situacija sa koronom je uspe\u0161no stavljena pod kontrolu kao i da se re\u017eim rada u GC Jagodina odvija pod nadzorom\u00a0 nadle\u017enog Zavoda za javno zdravlje i po instrukcijama resornog ministarstva.<\/p>\n","protected":false},"excerpt":{"rendered":"<p>JAGODINA-Vakcinacija u Gerontolo\u0161kom centru u Jagodini po\u010dinje 25. januara. To je za Central media potvr\u0111eno iz Zavoda za javno zdravlje Pomoravlje iz \u0106uprije. U Gerontolo\u0161kom &hellip; <\/p>\n","protected":false},"author":2,"featured_media":25937,"comment_status":"open","ping_status":"open","sticky":false,"template":"","format":"standard","meta":{"footnotes":""},"categories":[28,1524,2,1514,12],"tags":[4993,58,4576],"_links":{"self":[{"href":"https:\/\/centralmedia.rs\/index.php\/wp-json\/wp\/v2\/posts\/25936"}],"collection":[{"href":"https:\/\/centralmedia.rs\/index.php\/wp-json\/wp\/v2\/posts"}],"about":[{"href":"https:\/\/centralmedia.rs\/index.php\/wp-json\/wp\/v2\/types\/post"}],"author":[{"embeddable":true,"href":"https:\/\/centralmedia.rs\/index.php\/wp-json\/wp\/v2\/users\/2"}],"replies":[{"embeddable":true,"href":"https:\/\/centralmedia.rs\/index.php\/wp-json\/wp\/v2\/comments?post=25936"}],"version-history":[{"count":2,"href":"https:\/\/centralmedia.rs\/index.php\/wp-json\/wp\/v2\/posts\/25936\/revisions"}],"predecessor-version":[{"id":25939,"href":"https:\/\/centralmedia.rs\/index.php\/wp-json\/wp\/v2\/posts\/25936\/revisions\/25939"}],"wp:featuredmedia":[{"embeddable":true,"href":"https:\/\/centralmedia.rs\/index.php\/wp-json\/wp\/v2\/media\/25937"}],"wp:attachment":[{"href":"https:\/\/centralmedia.rs\/index.php\/wp-json\/wp\/v2\/media?parent=25936"}],"wp:term":[{"taxonomy":"category","embeddable":true,"href":"https:\/\/centralmedia.rs\/index.php\/wp-json\/wp\/v2\/categories?post=25936"},{"taxonomy":"post_tag","embeddable":true,"href":"https:\/\/centralmedia.rs\/index.php\/wp-json\/wp\/v2\/tags?post=25936"}],"curies":[{"name":"wp","href":"https:\/\/api.w.org\/{rel}","templated":true}]}}