{"id":25942,"date":"2021-01-19T13:07:38","date_gmt":"2021-01-19T13:07:38","guid":{"rendered":"http:\/\/centralmedia.rs\/?p=25942"},"modified":"2021-01-29T21:14:18","modified_gmt":"2021-01-29T21:14:18","slug":"palma-urucio-martinovicu-kapu-za-vucica","status":"publish","type":"post","link":"https:\/\/centralmedia.rs\/index.php\/2021\/01\/19\/palma-urucio-martinovicu-kapu-za-vucica\/","title":{"rendered":"PALMA URU\u010cIO MARTINOVI\u0106U KAPU ZA VU\u010cI\u0106A"},"content":{"rendered":"<p>JAGODINA- Predsednik Jedinstvene Srbije i \u0161ef poslani\u010dke grupe Jedinstvene Srbije u Skup\u0161tini Srbije Dragan Markovi\u0107 Palma uru\u010dio je danas \u0161efu poslani\u010dke grupe \u201eAleksandar Vu\u010di\u0107 \u2013 za na\u0161u decu\u201c, Aleksandru Martinovi\u0107 kapu za predsednika Srbije i Srpske napredne stranke Aleksandra Vu\u010di\u0107a.<\/p>\n<p><img loading=\"lazy\" decoding=\"async\" class=\"alignnone wp-image-25944 size-full\" src=\"http:\/\/centralmedia.rs\/wp-content\/uploads\/2021\/01\/palma-kapa-2.jpg\" alt=\"\" width=\"590\" height=\"436\" srcset=\"https:\/\/centralmedia.rs\/wp-content\/uploads\/2021\/01\/palma-kapa-2.jpg 590w, https:\/\/centralmedia.rs\/wp-content\/uploads\/2021\/01\/palma-kapa-2-300x222.jpg 300w, https:\/\/centralmedia.rs\/wp-content\/uploads\/2021\/01\/palma-kapa-2-568x420.jpg 568w, https:\/\/centralmedia.rs\/wp-content\/uploads\/2021\/01\/palma-kapa-2-80x60.jpg 80w, https:\/\/centralmedia.rs\/wp-content\/uploads\/2021\/01\/palma-kapa-2-100x75.jpg 100w\" sizes=\"(max-width: 590px) 100vw, 590px\" \/><\/p>\n<p>-Ova kapa je simbol da su opozicionari u Srbiji od svih napada na predsednika Vu\u010di\u0107a, jedino u pravu da nije imao kapu na Zlatiboru prilikom pu\u0161tanja u rad gondole. A sve ostalo \u0161to su kritikovali, od onoga da je izdao Kosovo, do borbe dr\u017eave sa pandemijom, spa\u0161avanja privrede kada je cela svetska privreda u kolapsu, da nema demokratije u Srbiji, pa sve do ure\u0111enja grada Beograda, posebno kada je re\u010d o Beogradu na vodi i beogradske promenade, ni\u0161ta od tih njihovih kritika nije ta\u010dno, samo je ta\u010dno da nije imao kapu na Zlatiboru. Tako su kritikovali Vu\u010di\u0107a zbog stolice na kojoj je sedeo na prijemu kod predsednika Sjedinjenih Ameri\u010dkih Dr\u017eava. A na kojoj stolici su sedeli ovi iz dela sada\u0161nje opozicije u Srbiji ? Oni su sedeli na klupi u parku ispred Bele ku\u0107e. Kapa je pokazatelj da deo opozicije u Srbiji ne zanima ni Kosovo i Metohija, ni epidemija, ni ekonomija, ni lokalne samouprave, pa \u010dak ih ne zanima ni me\u0111ustrana\u010dki dijalog. Njih samo zanima kako do\u0107i na vlast bez izbora, a to se desiti ne\u0107e. A kapu poklanjam da izbijem iz ruku opozicije jedini i poslednji argument, da vi\u0161e ne mogu ni\u0161ta da ka\u017eu. Sada \u0107e imati predsednik Srbije kapu, pa ga molim da stavi kapu na glavu kada pada sneg. Odlazak predsednika Srbije na Zlatibor je pokazatelj da je on uvek za sve \u0161to se dobro radi za Srbiju, pa neka se taj zove i najokoreliji opozicionar. Vu\u010di\u0107 je time pokazao da je predsednik svih gra\u0111ana Srbije bez obzira na politi\u010dko, versko i nacionalno opredeljenje. Kapa koju sam poklonio za Vu\u010di\u0107a je ina\u010de marke Lakosta. A za\u0161to markiran ka\u010dket ? Zato \u0161to to nose samo najbolji na svetu kao \u0161to je Novak \u0110okovi\u0107, a Vu\u010di\u0107 je marka za one \u0161to ga napadaju\u201c, izjavio je Makovi\u0107 danas na kolegijumu u Skup\u0161tini Srbije, prilikom uru\u010divanja kape Martinovi\u0107u za predsednika Vu\u010di\u0107a.<\/p>\n<p>&nbsp;<\/p>\n","protected":false},"excerpt":{"rendered":"<p>JAGODINA- Predsednik Jedinstvene Srbije i \u0161ef poslani\u010dke grupe Jedinstvene Srbije u Skup\u0161tini Srbije Dragan Markovi\u0107 Palma uru\u010dio je danas \u0161efu poslani\u010dke grupe \u201eAleksandar Vu\u010di\u0107 \u2013 &hellip; <\/p>\n","protected":false},"author":2,"featured_media":25943,"comment_status":"open","ping_status":"open","sticky":false,"template":"","format":"standard","meta":{"footnotes":""},"categories":[1524,2,1514,13,12],"tags":[4994,532,120,63],"_links":{"self":[{"href":"https:\/\/centralmedia.rs\/index.php\/wp-json\/wp\/v2\/posts\/25942"}],"collection":[{"href":"https:\/\/centralmedia.rs\/index.php\/wp-json\/wp\/v2\/posts"}],"about":[{"href":"https:\/\/centralmedia.rs\/index.php\/wp-json\/wp\/v2\/types\/post"}],"author":[{"embeddable":true,"href":"https:\/\/centralmedia.rs\/index.php\/wp-json\/wp\/v2\/users\/2"}],"replies":[{"embeddable":true,"href":"https:\/\/centralmedia.rs\/index.php\/wp-json\/wp\/v2\/comments?post=25942"}],"version-history":[{"count":2,"href":"https:\/\/centralmedia.rs\/index.php\/wp-json\/wp\/v2\/posts\/25942\/revisions"}],"predecessor-version":[{"id":25946,"href":"https:\/\/centralmedia.rs\/index.php\/wp-json\/wp\/v2\/posts\/25942\/revisions\/25946"}],"wp:featuredmedia":[{"embeddable":true,"href":"https:\/\/centralmedia.rs\/index.php\/wp-json\/wp\/v2\/media\/25943"}],"wp:attachment":[{"href":"https:\/\/centralmedia.rs\/index.php\/wp-json\/wp\/v2\/media?parent=25942"}],"wp:term":[{"taxonomy":"category","embeddable":true,"href":"https:\/\/centralmedia.rs\/index.php\/wp-json\/wp\/v2\/categories?post=25942"},{"taxonomy":"post_tag","embeddable":true,"href":"https:\/\/centralmedia.rs\/index.php\/wp-json\/wp\/v2\/tags?post=25942"}],"curies":[{"name":"wp","href":"https:\/\/api.w.org\/{rel}","templated":true}]}}