{"id":25970,"date":"2021-01-23T14:36:48","date_gmt":"2021-01-23T14:36:48","guid":{"rendered":"http:\/\/centralmedia.rs\/?p=25970"},"modified":"2021-01-29T21:15:50","modified_gmt":"2021-01-29T21:15:50","slug":"ana-brnabic-u-paracinu-drzava-trazi-strateskog-partnera-za-srpsku-fabriku-stakla","status":"publish","type":"post","link":"https:\/\/centralmedia.rs\/index.php\/2021\/01\/23\/ana-brnabic-u-paracinu-drzava-trazi-strateskog-partnera-za-srpsku-fabriku-stakla\/","title":{"rendered":"ANA BRNABI\u0106 U PARA\u0106INU \u2013 DR\u017dAVA TRA\u017dI STRATE\u0160KOG PARTNERA ZA SRPSKU FABRIKU STAKLA"},"content":{"rendered":"<p>PARA\u0106IN-Premijerka Ana Brnabi\u0107 prilikom dana\u0161nje posete Para\u0107inu izjavila je da je u ovom trenutku apsolutni prioritet dobra i ozbiljan investitor za Srpsku fabriku stakla.<\/p>\n<p>-Dobar partner za SFS je prioritet. I dalje mislim da je to najve\u0107i potencijal Para\u0107ina i \u00a0jedan od najve\u0107ih potencijala Srbije. Strate\u0161ki va\u017ena investicija i drago mi je \u0161to smo dobili pismo zainteresovanosti nekih investitora. Tome pristupamo sa najvi\u0161eg dr\u017eavnog nivoa, toliko je to va\u017ena investicija. Svi radimo na tom poslu. Tokom februara se nadam poseti nekih od investitora, imamo razgovore. O\u010dekujem da se zavr\u0161i finansijska i poslovna analiza, kazala je ona.<\/p>\n<p>Privredni sud u Kragujevcu je poku\u0161avao da SFS uvede u ste\u010daj od 2017. godine, ali Apelacioni sud je obarao ta re\u0161enja, tek od septembra 2020. preduze\u0107e je u ste\u010daju.<\/p>\n<p>Brnabi\u0107 je poru\u010dila je da dr\u017eava ne\u0107e odustati od tra\u017eenja strate\u0161kog partnera za Srpsku fabriku stakla i istakla da je to glavni prioritet Vlade kada je re\u010d o toj op\u0161tini. Prioritetni projekat je rekonstrukcija O\u0160 Radoje Domanovi\u0107, vredan 250 miliona dinara. Sa rukovodstvom te op\u0161tine razgovarano je o potpunom komunalnom opremanju Industrijske zone.\u00a0Sa premijerkom je bila ministarka Marija Obradovi\u0107<\/p>\n","protected":false},"excerpt":{"rendered":"<p>PARA\u0106IN-Premijerka Ana Brnabi\u0107 prilikom dana\u0161nje posete Para\u0107inu izjavila je da je u ovom trenutku apsolutni prioritet dobra i ozbiljan investitor za Srpsku fabriku stakla. -Dobar &hellip; <\/p>\n","protected":false},"author":2,"featured_media":25971,"comment_status":"open","ping_status":"open","sticky":false,"template":"","format":"standard","meta":{"footnotes":""},"categories":[1524,2,1516,13,887,12],"tags":[2051,156,158,4997],"_links":{"self":[{"href":"https:\/\/centralmedia.rs\/index.php\/wp-json\/wp\/v2\/posts\/25970"}],"collection":[{"href":"https:\/\/centralmedia.rs\/index.php\/wp-json\/wp\/v2\/posts"}],"about":[{"href":"https:\/\/centralmedia.rs\/index.php\/wp-json\/wp\/v2\/types\/post"}],"author":[{"embeddable":true,"href":"https:\/\/centralmedia.rs\/index.php\/wp-json\/wp\/v2\/users\/2"}],"replies":[{"embeddable":true,"href":"https:\/\/centralmedia.rs\/index.php\/wp-json\/wp\/v2\/comments?post=25970"}],"version-history":[{"count":2,"href":"https:\/\/centralmedia.rs\/index.php\/wp-json\/wp\/v2\/posts\/25970\/revisions"}],"predecessor-version":[{"id":25973,"href":"https:\/\/centralmedia.rs\/index.php\/wp-json\/wp\/v2\/posts\/25970\/revisions\/25973"}],"wp:featuredmedia":[{"embeddable":true,"href":"https:\/\/centralmedia.rs\/index.php\/wp-json\/wp\/v2\/media\/25971"}],"wp:attachment":[{"href":"https:\/\/centralmedia.rs\/index.php\/wp-json\/wp\/v2\/media?parent=25970"}],"wp:term":[{"taxonomy":"category","embeddable":true,"href":"https:\/\/centralmedia.rs\/index.php\/wp-json\/wp\/v2\/categories?post=25970"},{"taxonomy":"post_tag","embeddable":true,"href":"https:\/\/centralmedia.rs\/index.php\/wp-json\/wp\/v2\/tags?post=25970"}],"curies":[{"name":"wp","href":"https:\/\/api.w.org\/{rel}","templated":true}]}}