{"id":25984,"date":"2021-01-27T17:25:16","date_gmt":"2021-01-27T17:25:16","guid":{"rendered":"http:\/\/centralmedia.rs\/?p=25984"},"modified":"2021-01-29T21:16:56","modified_gmt":"2021-01-29T21:16:56","slug":"svetosavske-zahvalnice-prosvetarima","status":"publish","type":"post","link":"https:\/\/centralmedia.rs\/index.php\/2021\/01\/27\/svetosavske-zahvalnice-prosvetarima\/","title":{"rendered":"SVETOSAVSKE ZAHVALNICE PROSVETARIMA"},"content":{"rendered":"<p>SVILAJNAC-U prostorijama Prirodnja\u010dkog centra Srbije u Svilajncu danas su uru\u010dene Svetosavske zahvalnice. Nagra\u0111ene prosvetne radnike pozdravio je predsednik op\u0161tine Svilajnac Predrag Milanovi\u0107 koji je istakao da su u prethodnih nekoliko godina ura\u0111eni veliki projekti na kompletnoj rekonstrukciji \u0161kolskih objekata u gradu i selima i da \u0107e se sa ulaganjem u znanje i infrastrukturu nastaviti i u narednom periodu. Dobitnici Zahvalnica i nov\u010danih nagrada ove godine su Gordana Pani\u0107 iz Svilajnca, nastavnik srpskog jezika i knji\u017eevnosti u Poljoprivredno veterinarskoj \u0161koli sa domom u\u010denika \u201eSvilajnac\u201c, Zoran Milo\u0161evi\u0107 iz Svilajnca, nastavnik ra\u010dunarstva i informatike u Srednjoj \u0161koli \u201eSvilajnac\u201c, Dejan Nikodijevi\u0107 iz Svilajnca, nastavnik fizi\u010dke kulture u Osnovnoj \u0161koli \u201eJovan Jovanovi\u0107 Zmaj\u201c Svilajnac. Biljana Vasiljevi\u0107 iz Sedlara, stru\u010dni saradnik-pedagog u Osnovnoj \u0161koli \u201eBranko Radi\u010devi\u0107\u201c u Sedlaru od 2005. godine. Vladimir Milenovi\u0107 iz Svilajnca, nastavnik fizi\u010dke kulture u Osnovnoj \u0161koli &#8220;Stevan Sin\u0111eli\u0107&#8221; u Vojski. Nata\u0161a Radenkovi\u0107 iz Svilajnca, nastavnik razredne nastave u Osnovnoj \u0161koli &#8220;Vo\u017ed Kara\u0111or\u0111e&#8221; u Ku\u0161iljevu. Jasminka Bori\u0107 iz Svilajnca, strukovni vaspita\u010d-specijalista za pripremni pred\u0161kolski program Pred\u0161kolske ustanove &#8220;De\u010dja radost&#8221; u Svilajncu. Katarina Nikodijevi\u0107 iz Svilajnca, u\u010denica odeljenja IV\/6 Poljoprivredno-veterinarske \u0161kole sa domom u\u010denika &#8220;Svilajnac&#8221; u Svilajncu, smer prehrambeni tehni\u010dar. Mia \u0160olak iz Despotovca, u\u010denica \u010detvrtog razreda gimnazije op\u0161teg tipa u Srednjoj \u0161koli \u201eSvilajnac\u201c u Svilajncu. I ove, kao i prethodnih godina, kompanija \u201cVISAN\u201d, uru\u010dila je dva laptop ra\u010dunara najboljim srednjo\u0161kolcima, a u ime nagra\u0111enih obratila se u\u010denica Mia \u0160olak.<\/p>\n<div id='gallery-1' class='gallery galleryid-25984 gallery-columns-5 gallery-size-thumbnail'><figure class='gallery-item'>\n\t\t\t<div class='gallery-icon landscape'>\n\t\t\t\t<a href='https:\/\/centralmedia.rs\/index.php\/2021\/01\/27\/svetosavske-zahvalnice-prosvetarima\/svetosavske-zavhvalnice1\/'><img loading=\"lazy\" decoding=\"async\" width=\"150\" height=\"150\" src=\"https:\/\/centralmedia.rs\/wp-content\/uploads\/2021\/01\/svetosavske-zavhvalnice1-150x150.jpg\" class=\"attachment-thumbnail size-thumbnail\" alt=\"\" \/><\/a>\n\t\t\t<\/div><\/figure><figure class='gallery-item'>\n\t\t\t<div class='gallery-icon portrait'>\n\t\t\t\t<a href='https:\/\/centralmedia.rs\/index.php\/2021\/01\/27\/svetosavske-zahvalnice-prosvetarima\/svetosavske-zavhvalnice2\/'><img loading=\"lazy\" decoding=\"async\" width=\"150\" height=\"150\" src=\"https:\/\/centralmedia.rs\/wp-content\/uploads\/2021\/01\/svetosavske-zavhvalnice2-150x150.jpg\" class=\"attachment-thumbnail size-thumbnail\" alt=\"\" \/><\/a>\n\t\t\t<\/div><\/figure><figure class='gallery-item'>\n\t\t\t<div class='gallery-icon landscape'>\n\t\t\t\t<a href='https:\/\/centralmedia.rs\/index.php\/2021\/01\/27\/svetosavske-zahvalnice-prosvetarima\/svetosavske-zavhvalnice3\/'><img loading=\"lazy\" decoding=\"async\" width=\"150\" height=\"150\" src=\"https:\/\/centralmedia.rs\/wp-content\/uploads\/2021\/01\/svetosavske-zavhvalnice3-150x150.jpg\" class=\"attachment-thumbnail size-thumbnail\" alt=\"\" \/><\/a>\n\t\t\t<\/div><\/figure><figure class='gallery-item'>\n\t\t\t<div class='gallery-icon landscape'>\n\t\t\t\t<a href='https:\/\/centralmedia.rs\/index.php\/2021\/01\/27\/svetosavske-zahvalnice-prosvetarima\/svetosavske-zavhvalnice4\/'><img loading=\"lazy\" decoding=\"async\" width=\"150\" height=\"150\" src=\"https:\/\/centralmedia.rs\/wp-content\/uploads\/2021\/01\/svetosavske-zavhvalnice4-150x150.jpg\" class=\"attachment-thumbnail size-thumbnail\" alt=\"\" \/><\/a>\n\t\t\t<\/div><\/figure><figure class='gallery-item'>\n\t\t\t<div class='gallery-icon portrait'>\n\t\t\t\t<a href='https:\/\/centralmedia.rs\/index.php\/2021\/01\/27\/svetosavske-zahvalnice-prosvetarima\/svetosavske-zavhvalnice5\/'><img loading=\"lazy\" decoding=\"async\" width=\"150\" height=\"150\" src=\"https:\/\/centralmedia.rs\/wp-content\/uploads\/2021\/01\/svetosavske-zavhvalnice5-150x150.jpg\" class=\"attachment-thumbnail size-thumbnail\" alt=\"\" \/><\/a>\n\t\t\t<\/div><\/figure>\n\t\t<\/div>\n\n","protected":false},"excerpt":{"rendered":"<p>SVILAJNAC-U prostorijama Prirodnja\u010dkog centra Srbije u Svilajncu danas su uru\u010dene Svetosavske zahvalnice. Nagra\u0111ene prosvetne radnike pozdravio je predsednik op\u0161tine Svilajnac Predrag Milanovi\u0107 koji je istakao &hellip; <\/p>\n","protected":false},"author":2,"featured_media":25985,"comment_status":"open","ping_status":"open","sticky":false,"template":"","format":"standard","meta":{"footnotes":""},"categories":[14,1524,2,12,1517],"tags":[5000,38],"_links":{"self":[{"href":"https:\/\/centralmedia.rs\/index.php\/wp-json\/wp\/v2\/posts\/25984"}],"collection":[{"href":"https:\/\/centralmedia.rs\/index.php\/wp-json\/wp\/v2\/posts"}],"about":[{"href":"https:\/\/centralmedia.rs\/index.php\/wp-json\/wp\/v2\/types\/post"}],"author":[{"embeddable":true,"href":"https:\/\/centralmedia.rs\/index.php\/wp-json\/wp\/v2\/users\/2"}],"replies":[{"embeddable":true,"href":"https:\/\/centralmedia.rs\/index.php\/wp-json\/wp\/v2\/comments?post=25984"}],"version-history":[{"count":2,"href":"https:\/\/centralmedia.rs\/index.php\/wp-json\/wp\/v2\/posts\/25984\/revisions"}],"predecessor-version":[{"id":25992,"href":"https:\/\/centralmedia.rs\/index.php\/wp-json\/wp\/v2\/posts\/25984\/revisions\/25992"}],"wp:featuredmedia":[{"embeddable":true,"href":"https:\/\/centralmedia.rs\/index.php\/wp-json\/wp\/v2\/media\/25985"}],"wp:attachment":[{"href":"https:\/\/centralmedia.rs\/index.php\/wp-json\/wp\/v2\/media?parent=25984"}],"wp:term":[{"taxonomy":"category","embeddable":true,"href":"https:\/\/centralmedia.rs\/index.php\/wp-json\/wp\/v2\/categories?post=25984"},{"taxonomy":"post_tag","embeddable":true,"href":"https:\/\/centralmedia.rs\/index.php\/wp-json\/wp\/v2\/tags?post=25984"}],"curies":[{"name":"wp","href":"https:\/\/api.w.org\/{rel}","templated":true}]}}