{"id":26002,"date":"2021-01-29T15:04:45","date_gmt":"2021-01-29T15:04:45","guid":{"rendered":"http:\/\/centralmedia.rs\/?p=26002"},"modified":"2021-02-04T20:05:33","modified_gmt":"2021-02-04T20:05:33","slug":"treci-punkt-za-vakcinaciju","status":"publish","type":"post","link":"https:\/\/centralmedia.rs\/index.php\/2021\/01\/29\/treci-punkt-za-vakcinaciju\/","title":{"rendered":"TRE\u0106I PUNKT ZA VAKCINACIJU"},"content":{"rendered":"<p>PARA\u0106IN- Radi vakcinacije u Para\u0107inu od danas je u funkciji tre\u0107i punkt u prostoru SC ,,7. Jul\u201d. Na spisku eUprave za vakcianciju danas je 37 Para\u0107inca. Osim gra\u0111ana sa spiska, na vakcinaciju mogu da do\u0111u sa li\u010dnom kartom stariji od 75 godina.<\/p>\n<p>Punkt se nalazi u holu sportske hale, \u00a0nema gu\u017eve, ni redova. Ulazi za vakcinaciju i sportske aktivnosti su razdvojeni. Prvu vakcinu u do sada primilo blizu 2.400 Para\u0107inaca. Najavljeno je da \u0107e uskoro biti obavljena revakcinacija medicinskog osoblja.<\/p>\n<div id='gallery-1' class='gallery galleryid-26002 gallery-columns-5 gallery-size-thumbnail'><figure class='gallery-item'>\n\t\t\t<div class='gallery-icon landscape'>\n\t\t\t\t<a href='https:\/\/centralmedia.rs\/index.php\/2021\/01\/29\/treci-punkt-za-vakcinaciju\/vakcinacija4\/'><img loading=\"lazy\" decoding=\"async\" width=\"150\" height=\"150\" src=\"https:\/\/centralmedia.rs\/wp-content\/uploads\/2021\/01\/VAKCINACIJA4-150x150.jpg\" class=\"attachment-thumbnail size-thumbnail\" alt=\"\" \/><\/a>\n\t\t\t<\/div><\/figure><figure class='gallery-item'>\n\t\t\t<div class='gallery-icon landscape'>\n\t\t\t\t<a href='https:\/\/centralmedia.rs\/index.php\/2021\/01\/29\/treci-punkt-za-vakcinaciju\/vakcinacija3\/'><img loading=\"lazy\" decoding=\"async\" width=\"150\" height=\"150\" src=\"https:\/\/centralmedia.rs\/wp-content\/uploads\/2021\/01\/VAKCINACIJA3-150x150.jpg\" class=\"attachment-thumbnail size-thumbnail\" alt=\"\" \/><\/a>\n\t\t\t<\/div><\/figure><figure class='gallery-item'>\n\t\t\t<div class='gallery-icon landscape'>\n\t\t\t\t<a href='https:\/\/centralmedia.rs\/index.php\/2021\/01\/29\/treci-punkt-za-vakcinaciju\/vakcinacija2\/'><img loading=\"lazy\" decoding=\"async\" width=\"150\" height=\"150\" src=\"https:\/\/centralmedia.rs\/wp-content\/uploads\/2021\/01\/VAKCINACIJA2-150x150.jpg\" class=\"attachment-thumbnail size-thumbnail\" alt=\"\" \/><\/a>\n\t\t\t<\/div><\/figure><figure class='gallery-item'>\n\t\t\t<div class='gallery-icon landscape'>\n\t\t\t\t<a href='https:\/\/centralmedia.rs\/index.php\/2021\/01\/29\/treci-punkt-za-vakcinaciju\/vakcinacija1-2\/'><img loading=\"lazy\" decoding=\"async\" width=\"150\" height=\"150\" src=\"https:\/\/centralmedia.rs\/wp-content\/uploads\/2021\/01\/VAKCINACIJA1-150x150.jpg\" class=\"attachment-thumbnail size-thumbnail\" alt=\"\" \/><\/a>\n\t\t\t<\/div><\/figure><figure class='gallery-item'>\n\t\t\t<div class='gallery-icon landscape'>\n\t\t\t\t<a href='https:\/\/centralmedia.rs\/index.php\/2021\/01\/29\/treci-punkt-za-vakcinaciju\/vakcinacija-2\/'><img loading=\"lazy\" decoding=\"async\" width=\"150\" height=\"150\" src=\"https:\/\/centralmedia.rs\/wp-content\/uploads\/2021\/01\/VAKCINACIJA-150x150.jpg\" class=\"attachment-thumbnail size-thumbnail\" alt=\"\" \/><\/a>\n\t\t\t<\/div><\/figure>\n\t\t<\/div>\n\n","protected":false},"excerpt":{"rendered":"<p>PARA\u0106IN- Radi vakcinacije u Para\u0107inu od danas je u funkciji tre\u0107i punkt u prostoru SC ,,7. Jul\u201d. Na spisku eUprave za vakcianciju danas je 37 &hellip; <\/p>\n","protected":false},"author":2,"featured_media":25959,"comment_status":"open","ping_status":"open","sticky":false,"template":"","format":"standard","meta":{"footnotes":""},"categories":[28,1524,2,1516,887,12],"tags":[4750,156,5002,2936],"_links":{"self":[{"href":"https:\/\/centralmedia.rs\/index.php\/wp-json\/wp\/v2\/posts\/26002"}],"collection":[{"href":"https:\/\/centralmedia.rs\/index.php\/wp-json\/wp\/v2\/posts"}],"about":[{"href":"https:\/\/centralmedia.rs\/index.php\/wp-json\/wp\/v2\/types\/post"}],"author":[{"embeddable":true,"href":"https:\/\/centralmedia.rs\/index.php\/wp-json\/wp\/v2\/users\/2"}],"replies":[{"embeddable":true,"href":"https:\/\/centralmedia.rs\/index.php\/wp-json\/wp\/v2\/comments?post=26002"}],"version-history":[{"count":1,"href":"https:\/\/centralmedia.rs\/index.php\/wp-json\/wp\/v2\/posts\/26002\/revisions"}],"predecessor-version":[{"id":26008,"href":"https:\/\/centralmedia.rs\/index.php\/wp-json\/wp\/v2\/posts\/26002\/revisions\/26008"}],"wp:featuredmedia":[{"embeddable":true,"href":"https:\/\/centralmedia.rs\/index.php\/wp-json\/wp\/v2\/media\/25959"}],"wp:attachment":[{"href":"https:\/\/centralmedia.rs\/index.php\/wp-json\/wp\/v2\/media?parent=26002"}],"wp:term":[{"taxonomy":"category","embeddable":true,"href":"https:\/\/centralmedia.rs\/index.php\/wp-json\/wp\/v2\/categories?post=26002"},{"taxonomy":"post_tag","embeddable":true,"href":"https:\/\/centralmedia.rs\/index.php\/wp-json\/wp\/v2\/tags?post=26002"}],"curies":[{"name":"wp","href":"https:\/\/api.w.org\/{rel}","templated":true}]}}