{"id":2604,"date":"2016-04-01T15:30:13","date_gmt":"2016-04-01T15:30:13","guid":{"rendered":"http:\/\/centralmedia.rs\/?p=2604"},"modified":"2017-01-20T02:35:40","modified_gmt":"2017-01-20T02:35:40","slug":"otvorene-dve-nove-izlozbe-u-prirodnjackom-centru-srbije","status":"publish","type":"post","link":"https:\/\/centralmedia.rs\/index.php\/2016\/04\/01\/otvorene-dve-nove-izlozbe-u-prirodnjackom-centru-srbije\/","title":{"rendered":"OTVORENE DVE NOVE IZLO\u017dBE U PRIRODNJA\u010cKOM CENTRU SRBIJE"},"content":{"rendered":"<p>SVILAJNAC-,,Bioarheologija \u0110erdapa&#8221; i &#8220;Svedoci ledenog doba&#8221; nove su ekskluzivne izlo\u017ebe Prirodnja\u010dkog centra Srbije u Svilajncu, koje su od danas sve\u010dano otvorene. Obe izlo\u017ebe, pored savremenog dizajna i inovativnog pristupa u muzejskom izlaganju, sadr\u017ee veliki broj atraktivnih, originalnih eksponata ljudskih i materijalnih ostataka kulture Lepenskog Vira i krupnih sisara koji su \u017eiveli na teritoriji dana\u0161nje Srbije u vreme poslednjeg Ledenog doba. Na ovaj na\u010din Prirodnja\u010dki centar Srbije ostvaruje svoj primarni cilj, a to je konstantno ulaganje u nauku i edukaciju, kao i njihova popularizacija. Obe izlo\u017ebe su vrlo atraktivne, ekskluzivne i predstavljaju prirodno-istorijska bogatstva i nasle\u0111a na\u0161e zemlje.<br \/>\n-Veoma je va\u017ena i podr\u0161ka medija u promociji nauke i nau\u010dnih sadr\u017eaja, mediji moraju kontinuirano podsticati celokupnu zajednicu na polju popularizacije nauke. Zato je ovaj doga\u0111aj danas izuzetno va\u017ean, rekao je i glavni i odgovorni urednik obrazovno-nau\u010dnog programa RTS-a Ilija Cerovi\u0107 progla\u0161avaju\u0107i izlo\u017ebe otvorenim.<br \/>\nIzlo\u017eba \u201eSvedoci ledenog doba\u201c organizovana je u saradnji sa Prirodnja\u010dkim muzejem Beograd, koji su od samog po\u010detka prijatelji i stru\u010dna podr\u0161ka Prirodnja\u010dkom centru Srbije u Svilajncu.<a href=\"https:\/\/centralmedia.rs\/wp-content\/uploads\/2016\/04\/nova-izlozba-1-svilajnac-g.j..jpg\" rel=\"attachment wp-att-2606\"><img loading=\"lazy\" decoding=\"async\" class=\"alignnone size-medium wp-image-2606\" src=\"https:\/\/centralmedia.rs\/wp-content\/uploads\/2016\/04\/nova-izlozba-1-svilajnac-g.j.-300x200.jpg\" alt=\"nova izlozba 1-svilajnac-g.j.\" width=\"300\" height=\"200\" srcset=\"https:\/\/centralmedia.rs\/wp-content\/uploads\/2016\/04\/nova-izlozba-1-svilajnac-g.j.-300x200.jpg 300w, https:\/\/centralmedia.rs\/wp-content\/uploads\/2016\/04\/nova-izlozba-1-svilajnac-g.j.-768x512.jpg 768w, https:\/\/centralmedia.rs\/wp-content\/uploads\/2016\/04\/nova-izlozba-1-svilajnac-g.j..jpg 960w\" sizes=\"(max-width: 300px) 100vw, 300px\" \/><\/a><br \/>\n-Prirodnja\u010dki centar u Svilajncu predstavlja svetlu ta\u010dku na nau\u010dno-turisti\u010dkoj mapi Srbije jer, i ovim izlo\u017ebama, i dosada\u0161njim svojim radom neguje kulturno-istorijsko i prirodno nasle\u0111e na\u0161e zemlje,istakao je direktor Prirodnja\u010dkog muzeja u Beogradu Slavko Spasi\u0107.<br \/>\nIzlo\u017eba \u201eBioarheologija \u0110erdapa\u201c realizuje se u saradnji sa Filozofskim fakultetom iz Beograda i po prvi put je postavljena i predstavljena van Filozofskog fakulteta.<br \/>\n-Izlo\u017eba &#8220;Bioarheologija \u0110erdapa&#8221; na interesantan na\u010din predstavlja posetiocima jedinstvenu kulturu Lepenskog Vira. Tokom godina istra\u017eivanja na ovom lokalitetu otkriveno je naselje \u010dija je starost oko 10.000 godina i pripada granici mezolit-neolit, kao i niz predmeta iz svakodnevnog \u017eivota, umetni\u010dke tvorevine, alati, oru\u0111a i dobro o\u010duvani ljudski skeleti, objasnila je predstavnica Filozofskog fakulteta. Jelena Jovanovi\u0107 <a href=\"https:\/\/centralmedia.rs\/wp-content\/uploads\/2016\/04\/nova-izlozba-svilajnac-g.j..jpg\" rel=\"attachment wp-att-2607\"><img loading=\"lazy\" decoding=\"async\" class=\"alignnone size-medium wp-image-2607\" src=\"https:\/\/centralmedia.rs\/wp-content\/uploads\/2016\/04\/nova-izlozba-svilajnac-g.j.-300x188.jpg\" alt=\"nova izlozba-svilajnac-g.j.\" width=\"300\" height=\"188\" srcset=\"https:\/\/centralmedia.rs\/wp-content\/uploads\/2016\/04\/nova-izlozba-svilajnac-g.j.-300x188.jpg 300w, https:\/\/centralmedia.rs\/wp-content\/uploads\/2016\/04\/nova-izlozba-svilajnac-g.j.-768x482.jpg 768w, https:\/\/centralmedia.rs\/wp-content\/uploads\/2016\/04\/nova-izlozba-svilajnac-g.j..jpg 956w\" sizes=\"(max-width: 300px) 100vw, 300px\" \/><\/a><br \/>\nPredsednik op\u0161tine Svilajnac Predrag Milanovi\u0107 koji je istakao kako Svilajnac ve\u0107 nekoliko godina unazad najvi\u0161e ula\u017ee u obrazovanje, prosvetu, nauku.<br \/>\n-Prirodnja\u010dki centar je za\u017eiveo kao nau\u010dni projekat, ovo mu je tek prva godina i zauzeo je svoje mesto na turisti\u010dkoj mapi Srbije. Pokazalo se i da nau\u010dna zajednica jako podr\u017eava ovu instituciju i mi nastavljamo da delujemo u dva pravca sa ovim projektom, a to su promocija Svilajnca i, \u0161to je bitnije, promocija nauke i obrazovanja, ustvrdio je Milanovi\u0107 i dodao da se ove godine o\u010dekuje preko 100.000 posetilaca.<br \/>\nIzlo\u017ebe \u0107e biti izlo\u017eene u galeriji Prirodnja\u010dkog centra Srbije sve do kraja godine.<\/p>\n<p>&nbsp;<\/p>\n<p><strong><em>Svilajna\u010dka razglednica \u2013 Projekat se realizuje uz pomo\u0107 sredstava iz bud\u017eeta Op\u0161tine Svilajnac.<\/em><\/strong><\/p>\n","protected":false},"excerpt":{"rendered":"<p>SVILAJNAC-,,Bioarheologija \u0110erdapa&#8221; i &#8220;Svedoci ledenog doba&#8221; nove su ekskluzivne izlo\u017ebe Prirodnja\u010dkog centra Srbije u Svilajncu, koje su od danas sve\u010dano otvorene. Obe izlo\u017ebe, pored savremenog &hellip; <\/p>\n","protected":false},"author":4,"featured_media":2605,"comment_status":"open","ping_status":"open","sticky":false,"template":"","format":"standard","meta":{"footnotes":""},"categories":[1524,2,15,887,12,1517],"tags":[677,288,38],"_links":{"self":[{"href":"https:\/\/centralmedia.rs\/index.php\/wp-json\/wp\/v2\/posts\/2604"}],"collection":[{"href":"https:\/\/centralmedia.rs\/index.php\/wp-json\/wp\/v2\/posts"}],"about":[{"href":"https:\/\/centralmedia.rs\/index.php\/wp-json\/wp\/v2\/types\/post"}],"author":[{"embeddable":true,"href":"https:\/\/centralmedia.rs\/index.php\/wp-json\/wp\/v2\/users\/4"}],"replies":[{"embeddable":true,"href":"https:\/\/centralmedia.rs\/index.php\/wp-json\/wp\/v2\/comments?post=2604"}],"version-history":[{"count":0,"href":"https:\/\/centralmedia.rs\/index.php\/wp-json\/wp\/v2\/posts\/2604\/revisions"}],"wp:featuredmedia":[{"embeddable":true,"href":"https:\/\/centralmedia.rs\/index.php\/wp-json\/wp\/v2\/media\/2605"}],"wp:attachment":[{"href":"https:\/\/centralmedia.rs\/index.php\/wp-json\/wp\/v2\/media?parent=2604"}],"wp:term":[{"taxonomy":"category","embeddable":true,"href":"https:\/\/centralmedia.rs\/index.php\/wp-json\/wp\/v2\/categories?post=2604"},{"taxonomy":"post_tag","embeddable":true,"href":"https:\/\/centralmedia.rs\/index.php\/wp-json\/wp\/v2\/tags?post=2604"}],"curies":[{"name":"wp","href":"https:\/\/api.w.org\/{rel}","templated":true}]}}