{"id":26081,"date":"2021-01-24T20:06:02","date_gmt":"2021-01-24T20:06:02","guid":{"rendered":"http:\/\/centralmedia.rs\/?p=26081"},"modified":"2021-01-29T21:16:08","modified_gmt":"2021-01-29T21:16:08","slug":"paunovic-premijerka-je-obisla-spomenike-upornosti-paracinaca","status":"publish","type":"post","link":"https:\/\/centralmedia.rs\/index.php\/2021\/01\/24\/paunovic-premijerka-je-obisla-spomenike-upornosti-paracinaca\/","title":{"rendered":"Paunovi\u0107: Premijerka je obi\u0161la spomenike upornosti Para\u0107inaca"},"content":{"rendered":"<p>PARA\u0106IN-Premijerka Ana Brnabi\u0107 bila je u Para\u0107inu i obi\u0161la \u201edostignu\u0107a prethodne vlasti\u201c koje nije imala prilike da vidi u protekle \u010detiri godine mandata.<\/p>\n<p>Potom, osnovnu \u0161kolu \u201eRadoje Domanovi\u0107\u201c, za koju je op\u0161tina do 2020. pripremila sve papire za radove, a Vlada Srbije preko Kancelarije za javna ulaganja pro\u0161le godine pred ugovaranje radova obustavila javnu nabavku i raskinula ugovor. Svratila je i do novog Kulturnog centra, izgra\u0111enog, iako je Vlada Srbije u vreme kad je ministarka bila Zorana Mihajlovi\u0107 svojevremeno skoro tri godine otezala pla\u0107anje svog u\u010de\u0161\u0107a u radovima zapo\u010detim pre 2012. godine \u2013 komentari\u0161e za Danas Sa\u0161a Paunovi\u0107, \u0161ef opozicione odborni\u010dke grupe Sigurno napred i biv\u0161i predsednik op\u0161tine Para\u0107in, posetu premijerke Ane Brnabi\u0107 toj op\u0161tini tokom proteklog vikenda.<\/p>\n<p><span style=\"font-style: inherit; font-weight: inherit;\">Kako dodaje, premijerka je pomenula i rekonstrukciju i dogradnju Centra za socijalni rad za koji su tako\u0111e bili pripremljeni svi papiri ali je Vlada Srbije preko Kancelarije za javna ulaganja obustavila procedure predvi\u0111ene ugovorom i raskinula ugovor.<\/span><\/p>\n<p><span style=\"font-style: inherit; font-weight: inherit;\">\u2013 Prakti\u010dno je obi\u0161la spomenike upornosti Para\u0107inaca da se bore i grade uprkos preprekama koje je pred njih postavljala Srpska napredna stranka. Nisam \u010duo te\u0161ke re\u010di, a i na kraju krajeva javni poslovi se moraju nastavljati i zavr\u0161avati, nema tu ni\u0161ta \u010dudno. \u0160teta je samo to \u0161to ne \u017eivimo i nismo \u017eiveli u normalnoj zemlji gde bismo se takmi\u010dili u tome ko vi\u0161e i bolje zna u utakmici gde su za sve pravila ista. Umesto toga, neki smo morali da tr\u010dimo trku vezanih nogu sa d\u017eakovima cementa na le\u0111ima \u2013 isti\u010de sagovornik na\u0161eg lista.<\/span><\/p>\n<p><span style=\"font-style: inherit; font-weight: inherit;\">Prema njegovim re\u010dima, uvek \u0107e ostati otvoreno pitanje \u0161ta smo sve mogli i \u0161ta je sve bilo mogu\u0107e da smo \u017eiveli i radili u neko normalno vreme u kome su gra\u0111ani jednaki i u kome se niko koruptivno i protivustavno ne hvali da je \u201ejednakiji\u201c jer je \u010dlan SNS-a.<\/span><\/p>\n<p><span style=\"font-style: inherit; font-weight: inherit;\">\u2013 Ali to je sada pro\u0161lost i ne vredi se osvrtati. Pred nama je novo vreme i nova sloboda za koju se moramo izboriti, da se takve stvari ne bi vi\u0161e de\u0161avale i da bi ova Srbija u budu\u0107nosti bila zemlja jednakih \u0161ansi, zakona i pravde za sve podjednako, jer samo to \u0107e obezbediti zaista bolji \u017eivot za sve, a ne samo za neke\u2026 iz SNS-a \u2013 zaklju\u010duje Sa\u0161a Paunovi\u0107 za Danas.<\/span><\/p>\n<p><span style=\"font-style: inherit; font-weight: inherit;\">\u00a0<\/span><\/p>\n<div id='gallery-1' class='gallery galleryid-26081 gallery-columns-5 gallery-size-thumbnail'><figure class='gallery-item'>\n\t\t\t<div class='gallery-icon portrait'>\n\t\t\t\t<a href='https:\/\/centralmedia.rs\/index.php\/2016\/11\/23\/paracin-gradi-halu-za-delfaj\/sasa-paunovic-1-paracin-g-j\/'><img loading=\"lazy\" decoding=\"async\" width=\"150\" height=\"150\" src=\"https:\/\/centralmedia.rs\/wp-content\/uploads\/2016\/11\/sasa-paunovic-1-paracin-g.j.-150x150.jpg\" class=\"attachment-thumbnail size-thumbnail\" alt=\"\" aria-describedby=\"gallery-1-5543\" \/><\/a>\n\t\t\t<\/div>\n\t\t\t\t<figcaption class='wp-caption-text gallery-caption' id='gallery-1-5543'>\n\t\t\t\tSa\u0161a Paunovi\u0107\n\t\t\t\t<\/figcaption><\/figure><figure class='gallery-item'>\n\t\t\t<div class='gallery-icon landscape'>\n\t\t\t\t<a href='https:\/\/centralmedia.rs\/index.php\/2017\/08\/26\/sistem-za-odbranu-od-poplava-u-paracinu-u-septembru-radovi-na-crnici\/sasa-paunovic-2\/'><img loading=\"lazy\" decoding=\"async\" width=\"150\" height=\"150\" src=\"https:\/\/centralmedia.rs\/wp-content\/uploads\/2017\/08\/sasa-paunovic-1-150x150.jpg\" class=\"attachment-thumbnail size-thumbnail\" alt=\"\" \/><\/a>\n\t\t\t<\/div><\/figure><figure class='gallery-item'>\n\t\t\t<div class='gallery-icon landscape'>\n\t\t\t\t<a href='https:\/\/centralmedia.rs\/index.php\/2017\/11\/21\/zbog-manjka-zaposlenih-u-paracinu-javne-sluzbe-pred-kolapsom\/sasa-paunovic-4\/'><img loading=\"lazy\" decoding=\"async\" width=\"150\" height=\"150\" src=\"https:\/\/centralmedia.rs\/wp-content\/uploads\/2017\/11\/sasa-paunovic-150x150.jpg\" class=\"attachment-thumbnail size-thumbnail\" alt=\"\" aria-describedby=\"gallery-1-10555\" \/><\/a>\n\t\t\t<\/div>\n\t\t\t\t<figcaption class='wp-caption-text gallery-caption' id='gallery-1-10555'>\n\t\t\t\tSa\u0161a Paunovi\u0107 sa predstavnicima Pokreta za selo i grad\n\t\t\t\t<\/figcaption><\/figure><figure class='gallery-item'>\n\t\t\t<div class='gallery-icon landscape'>\n\t\t\t\t<a href='https:\/\/centralmedia.rs\/index.php\/2017\/08\/26\/investicije-vlade-srbije-u-paracinu-10-miliona-evra\/sasa-paunovic\/'><img loading=\"lazy\" decoding=\"async\" width=\"150\" height=\"150\" src=\"https:\/\/centralmedia.rs\/wp-content\/uploads\/2017\/08\/sasa-paunovic-150x150.jpg\" class=\"attachment-thumbnail size-thumbnail\" alt=\"\" \/><\/a>\n\t\t\t<\/div><\/figure><figure class='gallery-item'>\n\t\t\t<div class='gallery-icon landscape'>\n\t\t\t\t<a href='https:\/\/centralmedia.rs\/index.php\/2020\/05\/14\/asfalt-u-paracinskim-selima\/ratare-4\/'><img loading=\"lazy\" decoding=\"async\" width=\"150\" height=\"150\" src=\"https:\/\/centralmedia.rs\/wp-content\/uploads\/2020\/05\/ratare-150x150.jpg\" class=\"attachment-thumbnail size-thumbnail\" alt=\"\" \/><\/a>\n\t\t\t<\/div><\/figure>\n\t\t<\/div>\n\n<p>&nbsp;<\/p>\n","protected":false},"excerpt":{"rendered":"<p>PARA\u0106IN-Premijerka Ana Brnabi\u0107 bila je u Para\u0107inu i obi\u0161la \u201edostignu\u0107a prethodne vlasti\u201c koje nije imala prilike da vidi u protekle \u010detiri godine mandata. Potom, osnovnu &hellip; <\/p>\n","protected":false},"author":2,"featured_media":16142,"comment_status":"open","ping_status":"open","sticky":false,"template":"","format":"standard","meta":{"footnotes":""},"categories":[1524,2,1516,13,887,12],"tags":[2051,156,552],"_links":{"self":[{"href":"https:\/\/centralmedia.rs\/index.php\/wp-json\/wp\/v2\/posts\/26081"}],"collection":[{"href":"https:\/\/centralmedia.rs\/index.php\/wp-json\/wp\/v2\/posts"}],"about":[{"href":"https:\/\/centralmedia.rs\/index.php\/wp-json\/wp\/v2\/types\/post"}],"author":[{"embeddable":true,"href":"https:\/\/centralmedia.rs\/index.php\/wp-json\/wp\/v2\/users\/2"}],"replies":[{"embeddable":true,"href":"https:\/\/centralmedia.rs\/index.php\/wp-json\/wp\/v2\/comments?post=26081"}],"version-history":[{"count":1,"href":"https:\/\/centralmedia.rs\/index.php\/wp-json\/wp\/v2\/posts\/26081\/revisions"}],"predecessor-version":[{"id":26082,"href":"https:\/\/centralmedia.rs\/index.php\/wp-json\/wp\/v2\/posts\/26081\/revisions\/26082"}],"wp:featuredmedia":[{"embeddable":true,"href":"https:\/\/centralmedia.rs\/index.php\/wp-json\/wp\/v2\/media\/16142"}],"wp:attachment":[{"href":"https:\/\/centralmedia.rs\/index.php\/wp-json\/wp\/v2\/media?parent=26081"}],"wp:term":[{"taxonomy":"category","embeddable":true,"href":"https:\/\/centralmedia.rs\/index.php\/wp-json\/wp\/v2\/categories?post=26081"},{"taxonomy":"post_tag","embeddable":true,"href":"https:\/\/centralmedia.rs\/index.php\/wp-json\/wp\/v2\/tags?post=26081"}],"curies":[{"name":"wp","href":"https:\/\/api.w.org\/{rel}","templated":true}]}}