{"id":26083,"date":"2021-01-22T20:13:02","date_gmt":"2021-01-22T20:13:02","guid":{"rendered":"http:\/\/centralmedia.rs\/?p=26083"},"modified":"2021-01-29T21:15:42","modified_gmt":"2021-01-29T21:15:42","slug":"blagi-rast-broja-obolelih-od-korone","status":"publish","type":"post","link":"https:\/\/centralmedia.rs\/index.php\/2021\/01\/22\/blagi-rast-broja-obolelih-od-korone\/","title":{"rendered":"BLAGI RAST BROJA OBOLELIH OD KORONE"},"content":{"rendered":"<p>PARA\u0106IN- Na Kovid odeljenju Op\u0161te bolnice u Para\u0107inu, bele\u017ei se svakodnevni blagi rast broja hospitalizovanih za nekoliko pacijenta, te je od 24. pre nekoliko dana, danas \u00a032. hospitalizovanih.<\/p>\n<p>Jedan pacijent je intubiran, dva su na neinvazivnoj ventilaciji, nema preminulih.\u00a0 Na odeljenju je zna\u010dajno manje obolilih pacijenata od kovida, jer je sredinom decembra na bolni\u010dkom le\u010denju bilo preko 80. Re\u010d je o pacijentima srednje te\u0161kim i te\u0161kim.<\/p>\n<div id='gallery-1' class='gallery galleryid-26083 gallery-columns-5 gallery-size-thumbnail'><figure class='gallery-item'>\n\t\t\t<div class='gallery-icon landscape'>\n\t\t\t\t<a href='https:\/\/centralmedia.rs\/index.php\/2020\/12\/20\/nepovoljna-sitaucija-sa-koronavirusom-u-paracinu\/bolnica-paracin1\/'><img loading=\"lazy\" decoding=\"async\" width=\"150\" height=\"150\" src=\"https:\/\/centralmedia.rs\/wp-content\/uploads\/2020\/12\/bolnica-paracin1-150x150.jpg\" class=\"attachment-thumbnail size-thumbnail\" alt=\"\" \/><\/a>\n\t\t\t<\/div><\/figure><figure class='gallery-item'>\n\t\t\t<div class='gallery-icon landscape'>\n\t\t\t\t<a href='https:\/\/centralmedia.rs\/index.php\/2016\/07\/15\/obesio-se-pacijent-u-paracinskoj-bolnici\/opsta-bolnica-1-paracin\/'><img loading=\"lazy\" decoding=\"async\" width=\"150\" height=\"150\" src=\"https:\/\/centralmedia.rs\/wp-content\/uploads\/2016\/07\/opsta-bolnica-1-paracin-150x150.jpg\" class=\"attachment-thumbnail size-thumbnail\" alt=\"\" \/><\/a>\n\t\t\t<\/div><\/figure><figure class='gallery-item'>\n\t\t\t<div class='gallery-icon landscape'>\n\t\t\t\t<a href='https:\/\/centralmedia.rs\/index.php\/2016\/07\/15\/obesio-se-pacijent-u-paracinskoj-bolnici\/opsta-bolnica-paracin\/'><img loading=\"lazy\" decoding=\"async\" width=\"150\" height=\"150\" src=\"https:\/\/centralmedia.rs\/wp-content\/uploads\/2016\/07\/opsta-bolnica-paracin-150x150.jpg\" class=\"attachment-thumbnail size-thumbnail\" alt=\"\" \/><\/a>\n\t\t\t<\/div><\/figure><figure class='gallery-item'>\n\t\t\t<div class='gallery-icon landscape'>\n\t\t\t\t<a href='https:\/\/centralmedia.rs\/index.php\/2020\/11\/13\/desetine-obolelih-u-pomoravlju-vise-stotina-pregleda-u-kovid-ambulantama\/korona3-2\/'><img loading=\"lazy\" decoding=\"async\" width=\"150\" height=\"150\" src=\"https:\/\/centralmedia.rs\/wp-content\/uploads\/2020\/11\/korona3-150x150.jpg\" class=\"attachment-thumbnail size-thumbnail\" alt=\"\" \/><\/a>\n\t\t\t<\/div><\/figure><figure class='gallery-item'>\n\t\t\t<div class='gallery-icon landscape'>\n\t\t\t\t<a href='https:\/\/centralmedia.rs\/index.php\/2020\/03\/14\/clanovi-porodice-obolelog-od-korana-virusa-iz-rekovca-bice-testirani\/korona-2\/'><img loading=\"lazy\" decoding=\"async\" width=\"150\" height=\"150\" src=\"https:\/\/centralmedia.rs\/wp-content\/uploads\/2020\/03\/korona-1-150x150.jpg\" class=\"attachment-thumbnail size-thumbnail\" alt=\"\" \/><\/a>\n\t\t\t<\/div><\/figure>\n\t\t<\/div>\n\n","protected":false},"excerpt":{"rendered":"<p>PARA\u0106IN- Na Kovid odeljenju Op\u0161te bolnice u Para\u0107inu, bele\u017ei se svakodnevni blagi rast broja hospitalizovanih za nekoliko pacijenta, te je od 24. pre nekoliko dana, &hellip; <\/p>\n","protected":false},"author":2,"featured_media":25768,"comment_status":"open","ping_status":"open","sticky":false,"template":"","format":"standard","meta":{"footnotes":""},"categories":[28,1524,2,1516,887,12],"tags":[4440,472,156],"_links":{"self":[{"href":"https:\/\/centralmedia.rs\/index.php\/wp-json\/wp\/v2\/posts\/26083"}],"collection":[{"href":"https:\/\/centralmedia.rs\/index.php\/wp-json\/wp\/v2\/posts"}],"about":[{"href":"https:\/\/centralmedia.rs\/index.php\/wp-json\/wp\/v2\/types\/post"}],"author":[{"embeddable":true,"href":"https:\/\/centralmedia.rs\/index.php\/wp-json\/wp\/v2\/users\/2"}],"replies":[{"embeddable":true,"href":"https:\/\/centralmedia.rs\/index.php\/wp-json\/wp\/v2\/comments?post=26083"}],"version-history":[{"count":1,"href":"https:\/\/centralmedia.rs\/index.php\/wp-json\/wp\/v2\/posts\/26083\/revisions"}],"predecessor-version":[{"id":26084,"href":"https:\/\/centralmedia.rs\/index.php\/wp-json\/wp\/v2\/posts\/26083\/revisions\/26084"}],"wp:featuredmedia":[{"embeddable":true,"href":"https:\/\/centralmedia.rs\/index.php\/wp-json\/wp\/v2\/media\/25768"}],"wp:attachment":[{"href":"https:\/\/centralmedia.rs\/index.php\/wp-json\/wp\/v2\/media?parent=26083"}],"wp:term":[{"taxonomy":"category","embeddable":true,"href":"https:\/\/centralmedia.rs\/index.php\/wp-json\/wp\/v2\/categories?post=26083"},{"taxonomy":"post_tag","embeddable":true,"href":"https:\/\/centralmedia.rs\/index.php\/wp-json\/wp\/v2\/tags?post=26083"}],"curies":[{"name":"wp","href":"https:\/\/api.w.org\/{rel}","templated":true}]}}