{"id":2609,"date":"2016-04-01T17:09:56","date_gmt":"2016-04-01T17:09:56","guid":{"rendered":"http:\/\/centralmedia.rs\/?p=2609"},"modified":"2017-01-20T02:34:30","modified_gmt":"2017-01-20T02:34:30","slug":"socijalisti-broj-1-u-levcu","status":"publish","type":"post","link":"https:\/\/centralmedia.rs\/index.php\/2016\/04\/01\/socijalisti-broj-1-u-levcu\/","title":{"rendered":"SOCIJALISTI BROJ 1 U LEV\u010cU"},"content":{"rendered":"<p>REKOVAC-Na predstoje\u0107im lokalnim izborima u Rekovcu pod brojem 1 na glasa\u010dkom listi\u0107u je lista ,,Ivica Da\u010di\u0107- Socijalisti\u010dka partija Srbije\u201d, prvi na toj listi je Predrag \u0110or\u0111evi\u0107, koji je kandidat za predsednika op\u0161tine.<br \/>\n-Smatramo da smo opravdali poverenje gra\u0111ana i sa pravom o\u010dekujemo da i unarednom periodu vr\u0161imo vlast. Protekle \u010detiri godine radili smo odgovorno i profesionalno, doma\u0107inski se pona\u0161ali i rukovodili op\u0161tinom. Uspe\u0161no smo realizovali zna\u010dajne projekte putne infrastrukture, poljoprivrede, \u0161kolstva, sporta, kulture, socijalne politike. Jedinstvena poruka gra\u0111anima Lev\u010da je da SPS u Rekovcu ima program dinami\u010dnijeg oporavka op\u0161tine u ekonomskom i infrastrukturnom pogledu, rekao je \u0110or\u0111evi\u0107.<a href=\"https:\/\/centralmedia.rs\/wp-content\/uploads\/2016\/04\/peda-2.jpg\" rel=\"attachment wp-att-2611\"><img loading=\"lazy\" decoding=\"async\" class=\"alignnone size-medium wp-image-2611\" src=\"https:\/\/centralmedia.rs\/wp-content\/uploads\/2016\/04\/peda-2-300x199.jpg\" alt=\"peda 2\" width=\"300\" height=\"199\" srcset=\"https:\/\/centralmedia.rs\/wp-content\/uploads\/2016\/04\/peda-2-300x199.jpg 300w, https:\/\/centralmedia.rs\/wp-content\/uploads\/2016\/04\/peda-2-768x510.jpg 768w, https:\/\/centralmedia.rs\/wp-content\/uploads\/2016\/04\/peda-2.jpg 904w\" sizes=\"(max-width: 300px) 100vw, 300px\" \/><\/a><br \/>\nOsnovni cilj je nastavak stabilizacije bud\u017eetskog deficita, jer su zate\u010deni dugovi op\u0161tine,ustanova i javnih preduze\u0107a bili u visini od 2 miliona evra.<br \/>\n-To je nivo realizacije jednogodi\u0161njeg bud\u017eeta Rekovca. Prevladali smo te probleme, vratili smo 60 odsto duga, sledi nastavak stabilizacije i vra\u0107anje preostalih dugova u naredne \u010detiri godine. Cilj je da budemo op\u0161tina bez dugova. Investicije i razvoj teku paralelno, neizostavna je socijalna politika i za\u0161tita. Oporavili smo javna preduze\u0107a koja su zate\u010dana u kolapsu, poslovanje je normalizovano, sada pru\u017eaju usluge gra\u0111anima, navodi \u0110or\u0111evi\u0107.<br \/>\nU modernizaciju i izgradnju 18 kilometara puteva u Lev\u010du u protekle \u010detiri godine ulo\u017eeno 320 miliona dinara, \u0161to nije relaizovano u protekle tri decenije. U toku ove godine ugovorena je realizacija narednih 6 kilometra puteva. Realizuju se dva projekta iz oblasti energetske efikasnosti. Zavr\u0161ava se toplana na bio masu, koja \u0107e snabdevati toplotnom energijom ustanove i stanovni\u0161tvo. Realizovana je tre\u0107ina projekta gasifikacije op\u0161tine, a kompletni radovi bi\u0107e zavr\u0161eni za \u010detiri godine.<\/p>\n<p>&nbsp;<\/p>\n<p><strong><em><a href=\"https:\/\/centralmedia.rs\/wp-content\/uploads\/2016\/12\/grb.jpg\"><img loading=\"lazy\" decoding=\"async\" class=\"aligncenter size-medium wp-image-6520\" src=\"https:\/\/centralmedia.rs\/wp-content\/uploads\/2016\/12\/grb-210x300.jpg\" alt=\"\" width=\"210\" height=\"300\" srcset=\"https:\/\/centralmedia.rs\/wp-content\/uploads\/2016\/12\/grb-210x300.jpg 210w, https:\/\/centralmedia.rs\/wp-content\/uploads\/2016\/12\/grb.jpg 276w\" sizes=\"(max-width: 210px) 100vw, 210px\" \/><\/a>Pozitivni primeri Razglednica iz Rekovca \u2013 Projekat se realizuje uz pomo\u0107 sredstava iz bud\u017eeta Op\u0161tine Rekovac.<\/em><\/strong><\/p>\n","protected":false},"excerpt":{"rendered":"<p>REKOVAC-Na predstoje\u0107im lokalnim izborima u Rekovcu pod brojem 1 na glasa\u010dkom listi\u0107u je lista ,,Ivica Da\u010di\u0107- Socijalisti\u010dka partija Srbije\u201d, prvi na toj listi je Predrag &hellip; <\/p>\n","protected":false},"author":4,"featured_media":2610,"comment_status":"open","ping_status":"open","sticky":false,"template":"","format":"standard","meta":{"footnotes":""},"categories":[1524,2,13,887,1519,12],"tags":[679,678],"_links":{"self":[{"href":"https:\/\/centralmedia.rs\/index.php\/wp-json\/wp\/v2\/posts\/2609"}],"collection":[{"href":"https:\/\/centralmedia.rs\/index.php\/wp-json\/wp\/v2\/posts"}],"about":[{"href":"https:\/\/centralmedia.rs\/index.php\/wp-json\/wp\/v2\/types\/post"}],"author":[{"embeddable":true,"href":"https:\/\/centralmedia.rs\/index.php\/wp-json\/wp\/v2\/users\/4"}],"replies":[{"embeddable":true,"href":"https:\/\/centralmedia.rs\/index.php\/wp-json\/wp\/v2\/comments?post=2609"}],"version-history":[{"count":0,"href":"https:\/\/centralmedia.rs\/index.php\/wp-json\/wp\/v2\/posts\/2609\/revisions"}],"wp:featuredmedia":[{"embeddable":true,"href":"https:\/\/centralmedia.rs\/index.php\/wp-json\/wp\/v2\/media\/2610"}],"wp:attachment":[{"href":"https:\/\/centralmedia.rs\/index.php\/wp-json\/wp\/v2\/media?parent=2609"}],"wp:term":[{"taxonomy":"category","embeddable":true,"href":"https:\/\/centralmedia.rs\/index.php\/wp-json\/wp\/v2\/categories?post=2609"},{"taxonomy":"post_tag","embeddable":true,"href":"https:\/\/centralmedia.rs\/index.php\/wp-json\/wp\/v2\/tags?post=2609"}],"curies":[{"name":"wp","href":"https:\/\/api.w.org\/{rel}","templated":true}]}}