{"id":26108,"date":"2021-02-01T15:22:34","date_gmt":"2021-02-01T15:22:34","guid":{"rendered":"http:\/\/centralmedia.rs\/?p=26108"},"modified":"2021-02-04T20:06:03","modified_gmt":"2021-02-04T20:06:03","slug":"palma-nemam-pravo-da-se-ne-vakcinisem","status":"publish","type":"post","link":"https:\/\/centralmedia.rs\/index.php\/2021\/02\/01\/palma-nemam-pravo-da-se-ne-vakcinisem\/","title":{"rendered":"PALMA : NEMAM PRAVO DA SE NE VAKCINI\u0160EM"},"content":{"rendered":"<p>\u201cVakcinisao sam se Fajzerovom vakcinom. Nemam pravo da ne primim vakcinu. Svakog dana minimum 30 ljudi do\u0111e kod mene i pozdravim se sa njima i razgovaram. Danas je najve\u0107i problem, \u0161to veliki broj gra\u0111ana ima virus, a nema simptome i vi ne znate ko vam je preneo virus. I ja kada sam pro\u0161le godine dobio korona virus, ne znam od koga sam ga dobio\u201d, izjavio je predsednik Jedinstvene Srbije Dragan Markovi\u0107 Palma gostuju\u0107i na televiziji Pink. \u201cJa nisam video da ni u jednoj dr\u017eavi postoje u ponudi tri vrste vakcina, da mogu gra\u0111ani da biraju osim u Srbiji. I druge dr\u017eave imaju pare, pogotovo neke jake dr\u017eave u Evropi. Ali Srbija ima respekt u me\u0111unarodnim odnosima. Srbija se respektuje. Za\u0161to ? Zato \u0161to zna \u0161ta ho\u0107e, a \u0161ta ne\u0107e i Srbija je u ekonomskom smislu najvi\u0161e napredovala poslednjih 5 \u2013 6 godina. I dr\u017eave koje proizvode vakcine ho\u0107e da sara\u0111uju sa Srbijom zahvaljuju\u0107i politici koju vodi predsednik Srbije Aleksandar Vu\u010di\u0107, a moram i da ka\u017eem i zahvaljuju\u0107i politici koju vodi i koju je vodio kao ministar inostranih poslova Ivica Da\u010di\u0107. I siguran sam da \u0107e Srbija imati najvi\u0161e vakcinisanih gra\u0111ana u odnosu na broj stanovnika. Pored toga kod nas su najbla\u017ee mere u svetu i nemamo veliki broj zara\u017eenih u odnosu na broj stanovnika kao ni veliki broj umrlih. A u zemljama Evropske unije kao \u0161to su Velika Britanija, Nema\u010dka, Austrija, Italija ni\u0161ta ne radi i imaju daleko ve\u0107i procenat i zara\u017eenih i umrlih. U Srbiji i pored toga \u0161to sve radi, dr\u017eava poma\u017ee i radnike i preduze\u0107a i penzionere. Srbija ne nabavlja vakcinu da bi se takmi\u010dila, ve\u0107 da bi spasila \u017eivote svojih gra\u0111ana i to ne mo\u017ee da ospori niko. I sve to pokazuje da je Srbiji mesto u Evropskoj uniji\u201d, rekao je Markovi\u0107.<\/p>\n<p>I TANJA FAJON BI POBEGLA SA SASTANKA OPOZICIJE U SRBIJI<\/p>\n<p>\u201cOpoziciju u Srbiji ne interesuje ni ekonomski napredak Srbije ni me\u0111unarodna saradnja ni pristupanje Evropskoj uniji. Ta Tanja Fajon forsira neke ljude i partije koje su nekada bili na vlasti u Srbiji. Ali kada bi ne\u0161to ve\u010dno moglo da traje danas bi i D\u017eaji\u0107 i Piksi i Bini\u0107 i Panteli\u0107 jo\u0161 igrali fudbal. Predlog opozicije da se formira ministarstvo za izbore je najve\u0107a glupost koju sam \u010duo na politi\u010dkoj sceni Srbije. To ne bi mogla da ka\u017ee ni sekretarica u nekoj partiji koja se javlja na telefon. Tra\u017ee da se promene izborni uslovi. I ja tra\u017eim da se promene izborni uslovi, da se vrati cenzus na 5 posto. Pa mi na izborima ne biramo predsednika ku\u0107nog saveta ni portira. Biraju se narodni predstavnici u parlamentu. I mi kao narod moramo oko ne\u010dega da se ujedinimo. Ajde bar oko vakcinacije da se ujedinimo. Imate li vi iz opozicije nekog prijatelja u svetu da naru\u010dite neku vakcinu, a dr\u017eava ima para da plati. Gde su vam prijatelji ? Gde su 6 milijardi dolara iz 2000. godine ? Gde su te pare ? To je pitanje za one koji su bili na vlasti, a sada ho\u0107e da se vrate. Ja pozivam tu Tanju Fajon da do\u0111e na sastanak opzicije u Srbiji i da slu\u0161a kako se oni me\u0111usobno dogovaraju. Kada to \u010duje ona ima da pobegne i da ka\u017ee \u201cizvinite boli me stomak, moram da se vratim ku\u0107i\u201d. Pobegla bi jer nema \u0161ta da \u010duje\u201d izjavio je predsednik Jedinstvene Srbije.<\/p>\n<p>GLASA\u0106U PROTIV LEGALIZACIJE HOMOSEKSUALNIH BRAKOVA<\/p>\n<p>\u201cJa sam ponosan \u0161to podr\u017eavam ovu vlast u Srbiji, jer ima rezultat, a to je i rezultata i SPS -a\u00a0 i Jedinstvene Srbije. Ja jo\u0161 nisam video nijedan predlog da je stigao u parlament, a da je protiv interesa gra\u0111ana Srbije. I glasao sam za. I uvek \u0107u glasati u interesu gra\u0111ana Srbije, a kada mislim da ne\u0161to nije u tom interesu glasa\u0107u protiv. Ve\u0107 sada ka\u017eem, ako se pojavi predlog u parlamentu za legalizaciju homoseksualnih brakova glasa\u0107u protiv. Protiv sam da dva mu\u0161karca ulaze u brak. \u0160to se ti\u010de uvo\u0111enja redovnog vojnog roka, ima dosta argumenata za i dosta argumenata protiv. Trenutno sam kod toga fifti fifti. Ako me neko ubedi da je to dobro za Srbiju i na\u0161e gra\u0111ane, glasa\u0107u za\u201d, poru\u010dio je Dragan Markovi\u0107 Palma.<\/p>\n<p>OPOZICIONARI SE NO\u0106U SLIKAJU KOD \u201cSTEFANA NEMANJE\u201d<\/p>\n<p>\u201cOvi iz opozicije dolaze no\u0107u i slkaju se pored spomenika Stefanu Nemanji koji kritikuju. Spomenik je prelep kao i ceo Savski trg.\u00a0 Narod koji ne dr\u017ei do svoje istorije i ne po\u0161tuje svoju tradiciju taj narod nestaje. Srbija ima dobru budu\u0107nost. Ja sam siguran da \u0107e sve manje mladih ljudi odlaziti iz Srbije. Najbolji primer za to je svetska legenda Stefan Milenkovi\u0107 koji je ceo svet obi\u0161ao vi\u0161e puta i zna gde se koji hotel u svetu nalazi, a vratio se u Srbiju sa svojom porodicom. Tako\u0111e i Novak \u0110okovi\u0107, \u010diji roditelji \u017eive u Srbiji, a i on \u010dim ima vremena izme\u0111u turnira dolazi u Srbiju\u201d, kazao je Markovi\u0107.<\/p>\n<p>DOZVOLITI ZVEZDI TRE\u0106INU MARAKANE PROTIV MILANA<\/p>\n<p>\u201cUEFA je saop\u0161tila da dozvoljava da na tribinama stadiona Crvene zvezde u utakmici Lige Evrope protiv Milana bude popunjenost sa tre\u0107inom kapaciteta i to je oko 15 000 gledalaca. I UEFA je ocenila da je u Srbiji stabilna epidemiolo\u0161ka situacija. Za 20 \u2013 ak dana \u0107e se u Srbiji vakcinisati 50 posto stanovni\u0161tva i kada tome dodamo one koji su imali koronu i imaju antitela onda su \u0161anse za infekciju veoma male. Da se ja pitam ja bi dozvolio da bude na utakmici protiv Milana tre\u0107ina stadiona i dozvolio bi i svadbe. Vidite da se u 2020. godini najmanje dece rodilo. Budu\u0107nost je da se ulazi u brak i da se ra\u0111aju deca. Roditelji u Srbiji \u017eive za to da o\u017eene sina ili udaju \u0107erku i da naprave svadbu\u201d rekao je Markovi\u0107.<\/p>\n<p>&nbsp;<\/p>\n","protected":false},"excerpt":{"rendered":"<p>\u201cVakcinisao sam se Fajzerovom vakcinom. Nemam pravo da ne primim vakcinu. Svakog dana minimum 30 ljudi do\u0111e kod mene i pozdravim se sa njima i &hellip; <\/p>\n","protected":false},"author":2,"featured_media":26109,"comment_status":"open","ping_status":"open","sticky":false,"template":"","format":"standard","meta":{"footnotes":""},"categories":[2,13,12],"tags":[120,5014,4581],"_links":{"self":[{"href":"https:\/\/centralmedia.rs\/index.php\/wp-json\/wp\/v2\/posts\/26108"}],"collection":[{"href":"https:\/\/centralmedia.rs\/index.php\/wp-json\/wp\/v2\/posts"}],"about":[{"href":"https:\/\/centralmedia.rs\/index.php\/wp-json\/wp\/v2\/types\/post"}],"author":[{"embeddable":true,"href":"https:\/\/centralmedia.rs\/index.php\/wp-json\/wp\/v2\/users\/2"}],"replies":[{"embeddable":true,"href":"https:\/\/centralmedia.rs\/index.php\/wp-json\/wp\/v2\/comments?post=26108"}],"version-history":[{"count":1,"href":"https:\/\/centralmedia.rs\/index.php\/wp-json\/wp\/v2\/posts\/26108\/revisions"}],"predecessor-version":[{"id":26110,"href":"https:\/\/centralmedia.rs\/index.php\/wp-json\/wp\/v2\/posts\/26108\/revisions\/26110"}],"wp:featuredmedia":[{"embeddable":true,"href":"https:\/\/centralmedia.rs\/index.php\/wp-json\/wp\/v2\/media\/26109"}],"wp:attachment":[{"href":"https:\/\/centralmedia.rs\/index.php\/wp-json\/wp\/v2\/media?parent=26108"}],"wp:term":[{"taxonomy":"category","embeddable":true,"href":"https:\/\/centralmedia.rs\/index.php\/wp-json\/wp\/v2\/categories?post=26108"},{"taxonomy":"post_tag","embeddable":true,"href":"https:\/\/centralmedia.rs\/index.php\/wp-json\/wp\/v2\/tags?post=26108"}],"curies":[{"name":"wp","href":"https:\/\/api.w.org\/{rel}","templated":true}]}}