{"id":26113,"date":"2021-02-04T20:04:09","date_gmt":"2021-02-04T20:04:09","guid":{"rendered":"http:\/\/centralmedia.rs\/?p=26113"},"modified":"2021-02-20T18:53:58","modified_gmt":"2021-02-20T18:53:58","slug":"svilajnac-dobio-novu-sportsku-halu","status":"publish","type":"post","link":"https:\/\/centralmedia.rs\/index.php\/2021\/02\/04\/svilajnac-dobio-novu-sportsku-halu\/","title":{"rendered":"SVILAJNAC DOBIO NOVU SPORTSKU HALU"},"content":{"rendered":"<p>SVILAJNAC-Svilajnac je dobio novu sportsku halu povr\u0161ine oko hiljadu kvadrata, dimenzije terena su za odigravanje rukometnih utakmica, a vrednost radova je blizu milion evra. Halu \u0107e koristiti u\u010denici Srednje \u0161kole Svilajanc danas su imali prve \u010dasove fizi\u010dkog vaspitanja, kao i lokalni klubovi.<\/p>\n<div id='gallery-1' class='gallery galleryid-26113 gallery-columns-7 gallery-size-thumbnail'><figure class='gallery-item'>\n\t\t\t<div class='gallery-icon landscape'>\n\t\t\t\t<a href='https:\/\/centralmedia.rs\/index.php\/2021\/02\/04\/svilajnac-dobio-novu-sportsku-halu\/sala-9\/'><img loading=\"lazy\" decoding=\"async\" width=\"150\" height=\"150\" src=\"https:\/\/centralmedia.rs\/wp-content\/uploads\/2021\/02\/sala-150x150.jpg\" class=\"attachment-thumbnail size-thumbnail\" alt=\"\" \/><\/a>\n\t\t\t<\/div><\/figure><figure class='gallery-item'>\n\t\t\t<div class='gallery-icon landscape'>\n\t\t\t\t<a href='https:\/\/centralmedia.rs\/index.php\/2021\/02\/04\/svilajnac-dobio-novu-sportsku-halu\/sala1\/'><img loading=\"lazy\" decoding=\"async\" width=\"150\" height=\"150\" src=\"https:\/\/centralmedia.rs\/wp-content\/uploads\/2021\/02\/sala1-150x150.jpg\" class=\"attachment-thumbnail size-thumbnail\" alt=\"\" \/><\/a>\n\t\t\t<\/div><\/figure><figure class='gallery-item'>\n\t\t\t<div class='gallery-icon landscape'>\n\t\t\t\t<a href='https:\/\/centralmedia.rs\/index.php\/2021\/02\/04\/svilajnac-dobio-novu-sportsku-halu\/sala2\/'><img loading=\"lazy\" decoding=\"async\" width=\"150\" height=\"150\" src=\"https:\/\/centralmedia.rs\/wp-content\/uploads\/2021\/02\/sala2-150x150.jpg\" class=\"attachment-thumbnail size-thumbnail\" alt=\"\" \/><\/a>\n\t\t\t<\/div><\/figure><figure class='gallery-item'>\n\t\t\t<div class='gallery-icon landscape'>\n\t\t\t\t<a href='https:\/\/centralmedia.rs\/index.php\/2021\/02\/04\/svilajnac-dobio-novu-sportsku-halu\/sala3\/'><img loading=\"lazy\" decoding=\"async\" width=\"150\" height=\"150\" src=\"https:\/\/centralmedia.rs\/wp-content\/uploads\/2021\/02\/sala3-150x150.jpg\" class=\"attachment-thumbnail size-thumbnail\" alt=\"\" \/><\/a>\n\t\t\t<\/div><\/figure><figure class='gallery-item'>\n\t\t\t<div class='gallery-icon landscape'>\n\t\t\t\t<a href='https:\/\/centralmedia.rs\/index.php\/2021\/02\/04\/svilajnac-dobio-novu-sportsku-halu\/sala4\/'><img loading=\"lazy\" decoding=\"async\" width=\"150\" height=\"150\" src=\"https:\/\/centralmedia.rs\/wp-content\/uploads\/2021\/02\/sala4-150x150.jpg\" class=\"attachment-thumbnail size-thumbnail\" alt=\"\" \/><\/a>\n\t\t\t<\/div><\/figure><figure class='gallery-item'>\n\t\t\t<div class='gallery-icon landscape'>\n\t\t\t\t<a href='https:\/\/centralmedia.rs\/index.php\/2021\/02\/04\/svilajnac-dobio-novu-sportsku-halu\/sala5\/'><img loading=\"lazy\" decoding=\"async\" width=\"150\" height=\"150\" src=\"https:\/\/centralmedia.rs\/wp-content\/uploads\/2021\/02\/sala5-150x150.jpg\" class=\"attachment-thumbnail size-thumbnail\" alt=\"\" \/><\/a>\n\t\t\t<\/div><\/figure><figure class='gallery-item'>\n\t\t\t<div class='gallery-icon landscape'>\n\t\t\t\t<a href='https:\/\/centralmedia.rs\/index.php\/2021\/02\/04\/svilajnac-dobio-novu-sportsku-halu\/sala6\/'><img loading=\"lazy\" decoding=\"async\" width=\"150\" height=\"150\" src=\"https:\/\/centralmedia.rs\/wp-content\/uploads\/2021\/02\/sala6-150x150.jpg\" class=\"attachment-thumbnail size-thumbnail\" alt=\"\" \/><\/a>\n\t\t\t<\/div><\/figure>\n\t\t<\/div>\n\n<p>Tim povodom Srednju \u0161kolu obi\u0161la je zamenik predsednika op\u0161tine Svilajnac Dragana Radevi\u0107, koja je istakla da posle 30 godina ova \u0161kola dobija adekvatan prostor za fizi\u010dko vaspitanje.<\/p>\n<p>-Kona\u010dno smo omogu\u0107ili da u\u010denici Srednje \u0161kole Svilajnac imaju sve savremene uslove za obavljanje nastave fizi\u010dkog, ali ovaj sportski objekat nije namenjen samo u\u010denicima, ve\u0107 njega mogu koristiti i svi sportisti sa teritorije na\u0161e op\u0161tine koji imaju potrebu za prostorom za treniranje. Sportski klubovi su se ve\u0107 obratili Srednjoj \u0161koli, izme\u0111u ostalih i \u0161kola fudbalskog kluba iz Lukovice je dobila svoje termine za treniranje, izjavila je Dragana Radevi\u0107 i pozvala sve sportske klubove koji imaju potrebu za prostorom za treniranje tokom cele godine da se obrate Srednjoj \u0161koli Svilajnac.<\/p>\n<p>-Ukoliko promovi\u0161emo prave vrednosti, onda je svakako obrazovanje, ulaganje u sport i sportsku infrastrukturu zadatak broj jedan, na kome radimo godinama unazad. Zato imamo rekonstruisane i moderne \u0161kole i sportske objekte namenjene takmi\u010denjima najvi\u0161eg ranga. Sa druge strane to je jedan podstrek i elan da se u tom pravcu radi i dalje, dodaje ona.<\/p>\n<p>Direktorka Srednje \u0161kole Svilajnac Sla\u0111ana Stojanovi\u0107 ka\u017ee da je ovo jedan istorijski trenutak za ovu \u0161kolu koji su dugo \u010dekali, pre svega generacije u\u010denika.<\/p>\n<p>-U\u010denici su prezadovoljni i mnogo vi\u0161e motivisani i za nastavu fizi\u010dkog vaspitanja i za bavljenje sportom generalno. Istakla bih da je ovaj objekat, osim \u0161to je multifunkcionalan i ura\u0111en po najvi\u0161im standardima, i jedno arhitektonsko zdanje na\u0161e \u0161kole koje ostavljamo i budu\u0107im genaracijama, istakla je ona.<\/p>\n<p>Gimnazijalci Teodora i Vasilije, koji su danas imali svoj prvi \u010das fizi\u010dkog u novoj sali ka\u017eu da su odu\u0161evljeni uslovima, od svla\u010dionica, kupatila, do rekvizita i opreme.<\/p>\n<p>-Toplo nam je, blizu nam je, \u010disto i imamo sve \u0161to nam je potrebno da na \u010dasovima fizi\u010dkog od danas u\u017eivamo, rekli su nam oni.<\/p>\n<p>&nbsp;<\/p>\n","protected":false},"excerpt":{"rendered":"<p>SVILAJNAC-Svilajnac je dobio novu sportsku halu povr\u0161ine oko hiljadu kvadrata, dimenzije terena su za odigravanje rukometnih utakmica, a vrednost radova je blizu milion evra. Halu &hellip; <\/p>\n","protected":false},"author":2,"featured_media":26114,"comment_status":"open","ping_status":"open","sticky":false,"template":"","format":"standard","meta":{"footnotes":""},"categories":[14,1524,2,12,1517],"tags":[4637,38],"_links":{"self":[{"href":"https:\/\/centralmedia.rs\/index.php\/wp-json\/wp\/v2\/posts\/26113"}],"collection":[{"href":"https:\/\/centralmedia.rs\/index.php\/wp-json\/wp\/v2\/posts"}],"about":[{"href":"https:\/\/centralmedia.rs\/index.php\/wp-json\/wp\/v2\/types\/post"}],"author":[{"embeddable":true,"href":"https:\/\/centralmedia.rs\/index.php\/wp-json\/wp\/v2\/users\/2"}],"replies":[{"embeddable":true,"href":"https:\/\/centralmedia.rs\/index.php\/wp-json\/wp\/v2\/comments?post=26113"}],"version-history":[{"count":1,"href":"https:\/\/centralmedia.rs\/index.php\/wp-json\/wp\/v2\/posts\/26113\/revisions"}],"predecessor-version":[{"id":26122,"href":"https:\/\/centralmedia.rs\/index.php\/wp-json\/wp\/v2\/posts\/26113\/revisions\/26122"}],"wp:featuredmedia":[{"embeddable":true,"href":"https:\/\/centralmedia.rs\/index.php\/wp-json\/wp\/v2\/media\/26114"}],"wp:attachment":[{"href":"https:\/\/centralmedia.rs\/index.php\/wp-json\/wp\/v2\/media?parent=26113"}],"wp:term":[{"taxonomy":"category","embeddable":true,"href":"https:\/\/centralmedia.rs\/index.php\/wp-json\/wp\/v2\/categories?post=26113"},{"taxonomy":"post_tag","embeddable":true,"href":"https:\/\/centralmedia.rs\/index.php\/wp-json\/wp\/v2\/tags?post=26113"}],"curies":[{"name":"wp","href":"https:\/\/api.w.org\/{rel}","templated":true}]}}