{"id":26123,"date":"2021-02-05T09:37:52","date_gmt":"2021-02-05T09:37:52","guid":{"rendered":"http:\/\/centralmedia.rs\/?p=26123"},"modified":"2021-02-20T18:54:04","modified_gmt":"2021-02-20T18:54:04","slug":"26123","status":"publish","type":"post","link":"https:\/\/centralmedia.rs\/index.php\/2021\/02\/05\/26123\/","title":{"rendered":"UHAP\u0160EN JAGODINSKI RAZBOJNIK"},"content":{"rendered":"<p>JAGODINA-Pripadnici Ministarstva unutra\u0161njih poslova uhapsili su L. \u017d. (21) iz Jagodine, zbog postojanja osnova sumnje da je izvr\u0161io krivi\u010dna dela iznuda, te\u0161ka telesna povreda i u\u010destvovanje u tu\u010di, saop\u0161teno je iz policije.<\/p>\n<p>On se sumnji\u010di da je, od januara ove godine, vi\u0161e puta telefonom zvao dvadeset\u0161estogodi\u0161njeg mu\u0161karca i tra\u017eio mu novac na ime pozajmice od 1.000 dinara.<\/p>\n<p>Potom ga je, kako se sumnja, presreo na ulici u Jagodini i, uz pretnje, iz njegove jakne uzeo 18.000 dinara.<\/p>\n<p>L. \u017d. se sumnji\u010di i da je 30. januara ove godine sa dvadesetdvogodi\u0161njim mu\u0161karcem, na mostu u Jagodini presreo dvadeset\u010detvorogodi\u0161njeg sugra\u0111anina kome su, nakon kra\u0107e rasprave, zadali vi\u0161e udaraca po glavi i telu i tom prilikom mu is\u010da\u0161ili rame.<\/p>\n<p>Tako\u0111e, L. \u017d. je, kako se sumnja, 1. februara, u parku ispred jedne stambene zgrade, bez povoda, napao \u010detrdeset\u0161estogodi\u0161njeg mu\u0161karca i, nakon tu\u010de, ga no\u017eem posekao po ruci.<\/p>\n<p>Osumnji\u010denom L. \u017d. je odre\u0111eno zadr\u017eavanje do 48 \u010dasova i on \u0107e, uz krivi\u010dnu prijavu, biti priveden nadle\u017enom tu\u017eila\u0161tvu.<\/p>\n<p>Protiv dvadesetdvogodi\u0161njeg mu\u0161karca \u0107e biti podneta krivi\u010dna prijava nadle\u017enom tu\u017eila\u0161tvu, zbog postojanja osnova sumnje da je izvr\u0161io krivi\u010dno delo te\u0161ka telesna povreda.<\/p>\n","protected":false},"excerpt":{"rendered":"<p>JAGODINA-Pripadnici Ministarstva unutra\u0161njih poslova uhapsili su L. \u017d. (21) iz Jagodine, zbog postojanja osnova sumnje da je izvr\u0161io krivi\u010dna dela iznuda, te\u0161ka telesna povreda i &hellip; <\/p>\n","protected":false},"author":2,"featured_media":13881,"comment_status":"open","ping_status":"open","sticky":false,"template":"","format":"standard","meta":{"footnotes":""},"categories":[1524,20,2,1514,12],"tags":[58,129,787],"_links":{"self":[{"href":"https:\/\/centralmedia.rs\/index.php\/wp-json\/wp\/v2\/posts\/26123"}],"collection":[{"href":"https:\/\/centralmedia.rs\/index.php\/wp-json\/wp\/v2\/posts"}],"about":[{"href":"https:\/\/centralmedia.rs\/index.php\/wp-json\/wp\/v2\/types\/post"}],"author":[{"embeddable":true,"href":"https:\/\/centralmedia.rs\/index.php\/wp-json\/wp\/v2\/users\/2"}],"replies":[{"embeddable":true,"href":"https:\/\/centralmedia.rs\/index.php\/wp-json\/wp\/v2\/comments?post=26123"}],"version-history":[{"count":3,"href":"https:\/\/centralmedia.rs\/index.php\/wp-json\/wp\/v2\/posts\/26123\/revisions"}],"predecessor-version":[{"id":26126,"href":"https:\/\/centralmedia.rs\/index.php\/wp-json\/wp\/v2\/posts\/26123\/revisions\/26126"}],"wp:featuredmedia":[{"embeddable":true,"href":"https:\/\/centralmedia.rs\/index.php\/wp-json\/wp\/v2\/media\/13881"}],"wp:attachment":[{"href":"https:\/\/centralmedia.rs\/index.php\/wp-json\/wp\/v2\/media?parent=26123"}],"wp:term":[{"taxonomy":"category","embeddable":true,"href":"https:\/\/centralmedia.rs\/index.php\/wp-json\/wp\/v2\/categories?post=26123"},{"taxonomy":"post_tag","embeddable":true,"href":"https:\/\/centralmedia.rs\/index.php\/wp-json\/wp\/v2\/tags?post=26123"}],"curies":[{"name":"wp","href":"https:\/\/api.w.org\/{rel}","templated":true}]}}