{"id":26127,"date":"2021-02-05T10:03:49","date_gmt":"2021-02-05T10:03:49","guid":{"rendered":"http:\/\/centralmedia.rs\/?p=26127"},"modified":"2021-02-20T18:53:49","modified_gmt":"2021-02-20T18:53:49","slug":"episkop-branicevski-ignjatije-hvala-bogu-da-je-vucic-dosao-na-vlast-i-zavrsio-hram-svetom-savi-i-podigao-spomenik-nemanji","status":"publish","type":"post","link":"https:\/\/centralmedia.rs\/index.php\/2021\/02\/05\/episkop-branicevski-ignjatije-hvala-bogu-da-je-vucic-dosao-na-vlast-i-zavrsio-hram-svetom-savi-i-podigao-spomenik-nemanji\/","title":{"rendered":"EPISKOP BRANI\u010cEVSKI IGNJATIJE &#8211; HVALA BOGU DA JE VU\u010cI\u0106 DO\u0160AO NA VLAST I ZAVR\u0160IO HRAM SVETOM SAVI I PODIGAO SPOMENIK NEMANJI"},"content":{"rendered":"<p>JAGODINA-Episkop Brani\u010devski Ignjatije povodom zavr\u0161etka izgradnje hrama Svetog Save i otkrivanja spomenika Stefanu Nemanji zahvalio se predsedniku Srbije Aleksandru Vu\u010di\u0107u i njegovim saradnicima \u0161to su prepoznali potebu za ovim svetinjama, te dobru saradnju sa crkvom.<\/p>\n<p>-Ko se od dobronamernih ljudi ne bi radovao zavr\u0161etku hrama Svetog Save i podizanju spomenika Stefanu Nemanji, posebno ja kao vladika. Koliko smo godina i decenija \u010dekali zavr\u0161etak hrama Svetog Save. Hvala gospodu da su do\u0161li ljudi koji shvataju potrebe da se ta dela zavr\u0161e, bez obzira, to ostaje budu\u0107im generacijama i pokazuje na\u0161e korene i osnove. Mi smo evropski narod, nismo tek prolaznici. Posebno je va\u017ean spomenik Stefanu Nemanji, odnosno Svetom Simeonu, po\u0161to je za njega vezano osnivanje srpske dr\u017eave. Temelje dr\u017eave, koju i danas odr\u017eavamo, postavio je Sveti Simeon. Dobro je to spajanje. Hram Svetog Save i spomenik Svetom Simeonu su simbolika saradnje crkve i dr\u017eave. Za dobro ljudi je da sara\u0111ujemo. Hvala bogu da sada ljudi koji su do\u0161li na vlast, \u00a0Vu\u010di\u0107 i \u010ditava garnitura mladih ljudi, ose\u0107aju tu potrebu. Vide se ta dela i ja sam zahvalan. Da im gospod da zdravlja, rekao je episkop Brani\u010devski Ignjatije.<\/p>\n<p>On je ocenio da se Srbija podizanjem ovih svetinja vratila svojim korenima i temeljima, raskinula sa titoizmom i jugoslovenstvom.<\/p>\n<p>-Na korenima i \u010dvrstim temeljima na\u0161eg identiteta zidamo, idemo dalje, a ne na ne\u010demu \u0161to je bilo katastrofalno, ne samo za Srbe ve\u0107 i ostale narode. To je proces. Narod je sazreo i sada izbacuje iz svojih redova te ljude koji su nosioci vlasti. Na neki na\u010din imamo harmoniju dr\u017eave i crkve, nikada to ne mo\u017ee bude potpuno jer uvek ima onih koji druga\u010dije misle, ali imamo konsenzus da je to dobro i da tako treba nastaviti, zaklju\u010dio je episkop Brani\u010devski Ignjatije.<\/p>\n","protected":false},"excerpt":{"rendered":"<p>JAGODINA-Episkop Brani\u010devski Ignjatije povodom zavr\u0161etka izgradnje hrama Svetog Save i otkrivanja spomenika Stefanu Nemanji zahvalio se predsedniku Srbije Aleksandru Vu\u010di\u0107u i njegovim saradnicima \u0161to su &hellip; <\/p>\n","protected":false},"author":2,"featured_media":8186,"comment_status":"open","ping_status":"open","sticky":false,"template":"","format":"standard","meta":{"footnotes":""},"categories":[14,1524,2,1514,12],"tags":[1274,5016,394],"_links":{"self":[{"href":"https:\/\/centralmedia.rs\/index.php\/wp-json\/wp\/v2\/posts\/26127"}],"collection":[{"href":"https:\/\/centralmedia.rs\/index.php\/wp-json\/wp\/v2\/posts"}],"about":[{"href":"https:\/\/centralmedia.rs\/index.php\/wp-json\/wp\/v2\/types\/post"}],"author":[{"embeddable":true,"href":"https:\/\/centralmedia.rs\/index.php\/wp-json\/wp\/v2\/users\/2"}],"replies":[{"embeddable":true,"href":"https:\/\/centralmedia.rs\/index.php\/wp-json\/wp\/v2\/comments?post=26127"}],"version-history":[{"count":1,"href":"https:\/\/centralmedia.rs\/index.php\/wp-json\/wp\/v2\/posts\/26127\/revisions"}],"predecessor-version":[{"id":26128,"href":"https:\/\/centralmedia.rs\/index.php\/wp-json\/wp\/v2\/posts\/26127\/revisions\/26128"}],"wp:featuredmedia":[{"embeddable":true,"href":"https:\/\/centralmedia.rs\/index.php\/wp-json\/wp\/v2\/media\/8186"}],"wp:attachment":[{"href":"https:\/\/centralmedia.rs\/index.php\/wp-json\/wp\/v2\/media?parent=26127"}],"wp:term":[{"taxonomy":"category","embeddable":true,"href":"https:\/\/centralmedia.rs\/index.php\/wp-json\/wp\/v2\/categories?post=26127"},{"taxonomy":"post_tag","embeddable":true,"href":"https:\/\/centralmedia.rs\/index.php\/wp-json\/wp\/v2\/tags?post=26127"}],"curies":[{"name":"wp","href":"https:\/\/api.w.org\/{rel}","templated":true}]}}