{"id":26133,"date":"2021-02-10T16:20:16","date_gmt":"2021-02-10T16:20:16","guid":{"rendered":"http:\/\/centralmedia.rs\/?p=26133"},"modified":"2021-03-01T11:06:58","modified_gmt":"2021-03-01T11:06:58","slug":"nova-sezona-u-prirodnjackom-centru-srbije-od-1-marta","status":"publish","type":"post","link":"https:\/\/centralmedia.rs\/index.php\/2021\/02\/10\/nova-sezona-u-prirodnjackom-centru-srbije-od-1-marta\/","title":{"rendered":"NOVA SEZONA U PRIRODNJA\u010cKOM CENTRU SRBIJE OD 1. MARTA"},"content":{"rendered":"<p>SVILAJNAC- Gostuju\u0107a izlo\u017eba \u201ePrirodnja\u010dki centar u malom\u201c\u00a0 trenutno je postavljena u Tr\u017enom centru \u201ePlaza\u201c u Kragujevcu, gde \u0107e biti izlo\u017eena do kraja februara. Direktorka Prirodnja\u010dkog centra Srbije u Svilajncu Danijela \u010cukni\u0107 rekla je da je ova izlo\u017eba najava otvaranja nove sezone 1. marta ove godine, za koju su pripreme uveliko u toku.<\/p>\n<p><img loading=\"lazy\" decoding=\"async\" class=\"alignnone wp-image-26135 size-large\" src=\"http:\/\/centralmedia.rs\/wp-content\/uploads\/2021\/02\/slika-1-1024x768.jpg\" alt=\"\" width=\"640\" height=\"480\" srcset=\"https:\/\/centralmedia.rs\/wp-content\/uploads\/2021\/02\/slika-1-1024x768.jpg 1024w, https:\/\/centralmedia.rs\/wp-content\/uploads\/2021\/02\/slika-1-300x225.jpg 300w, https:\/\/centralmedia.rs\/wp-content\/uploads\/2021\/02\/slika-1-768x576.jpg 768w, https:\/\/centralmedia.rs\/wp-content\/uploads\/2021\/02\/slika-1-560x420.jpg 560w, https:\/\/centralmedia.rs\/wp-content\/uploads\/2021\/02\/slika-1-80x60.jpg 80w, https:\/\/centralmedia.rs\/wp-content\/uploads\/2021\/02\/slika-1-100x75.jpg 100w, https:\/\/centralmedia.rs\/wp-content\/uploads\/2021\/02\/slika-1-180x135.jpg 180w, https:\/\/centralmedia.rs\/wp-content\/uploads\/2021\/02\/slika-1-238x178.jpg 238w, https:\/\/centralmedia.rs\/wp-content\/uploads\/2021\/02\/slika-1-640x480.jpg 640w, https:\/\/centralmedia.rs\/wp-content\/uploads\/2021\/02\/slika-1-681x511.jpg 681w, https:\/\/centralmedia.rs\/wp-content\/uploads\/2021\/02\/slika-1.jpg 1600w\" sizes=\"(max-width: 640px) 100vw, 640px\" \/><\/p>\n<p>Prirodnja\u010dki centar Srbije bele\u017ei godi\u0161nje oko 100.000 posetilaca iz celog regiona, a jedno je od nezaobilaznih mesta za porodi\u010dne izlete i ekskurzije. Sa devet stalnih postavki, mno\u0161tvom gostuju\u0107ih izlo\u017ebi i ekskluzivnim novitetima svake sezone, privla\u010di i sve ve\u0107u pa\u017enju javnosti. Tako je za novu sezonu oboga\u0107ena izlo\u017eba \u201c\u017divotinje Afrike\u201d novim eksponatom, promenjen je ambijent restorana, ura\u0111ena nova igraonica za decu\u2026<\/p>\n<p>Specifi\u010dni i moderni spoj nauke, obrazovanja, kulture i zabave \u010dini Prirodnja\u010dki centar jedinstvenom turisti\u010dkom atrakcijom u kojoj podjednako u\u017eivaju sve generacije.<\/p>\n<p>Prate\u0107i savremene standarde izlaganja, sve izlo\u017ebe Prirodnja\u010dkog centra digitalizovane su kroz sistem QR kodova, pa posetioci mogu da se dodatno informi\u0161u o eksponatima. Prirodnja\u010dki centar poseduje i multuimedijalnu salu sa 3D bioskopom, namenjenu prate\u0107im sadr\u017eajima za posetioce. Cilj ovakvog koncepta je da se nau\u010dni sadr\u017eaji posetiocima, a prvenstveno najmla\u0111ima, pribli\u017ee na jedan inovativan i zabavan na\u010din.<\/p>\n<p>&nbsp;<\/p>\n<p>U prethodnom periodu Prirodnja\u010dki centar uspostavio je saradnju sa Centrom rusko-geografskog dru\u0161tva iz Beograda i sa \u201cDarvinovim muzejem\u201d iz Moskve u oblasti podizanja kvaliteta rada obe institucije kroz razmenu znanja, iskustava, edukaciju i promociju, \u010dime se pozicionira kao lider na\u0161e zemlje u oblasti\u00a0 me\u0111unarodne saradnje i nau\u010dnog turizma.<\/p>\n","protected":false},"excerpt":{"rendered":"<p>SVILAJNAC- Gostuju\u0107a izlo\u017eba \u201ePrirodnja\u010dki centar u malom\u201c\u00a0 trenutno je postavljena u Tr\u017enom centru \u201ePlaza\u201c u Kragujevcu, gde \u0107e biti izlo\u017eena do kraja februara. Direktorka Prirodnja\u010dkog &hellip; <\/p>\n","protected":false},"author":2,"featured_media":26134,"comment_status":"open","ping_status":"open","sticky":false,"template":"","format":"standard","meta":{"footnotes":""},"categories":[14,1524,2,12,1517],"tags":[5018,1127,38],"_links":{"self":[{"href":"https:\/\/centralmedia.rs\/index.php\/wp-json\/wp\/v2\/posts\/26133"}],"collection":[{"href":"https:\/\/centralmedia.rs\/index.php\/wp-json\/wp\/v2\/posts"}],"about":[{"href":"https:\/\/centralmedia.rs\/index.php\/wp-json\/wp\/v2\/types\/post"}],"author":[{"embeddable":true,"href":"https:\/\/centralmedia.rs\/index.php\/wp-json\/wp\/v2\/users\/2"}],"replies":[{"embeddable":true,"href":"https:\/\/centralmedia.rs\/index.php\/wp-json\/wp\/v2\/comments?post=26133"}],"version-history":[{"count":1,"href":"https:\/\/centralmedia.rs\/index.php\/wp-json\/wp\/v2\/posts\/26133\/revisions"}],"predecessor-version":[{"id":26136,"href":"https:\/\/centralmedia.rs\/index.php\/wp-json\/wp\/v2\/posts\/26133\/revisions\/26136"}],"wp:featuredmedia":[{"embeddable":true,"href":"https:\/\/centralmedia.rs\/index.php\/wp-json\/wp\/v2\/media\/26134"}],"wp:attachment":[{"href":"https:\/\/centralmedia.rs\/index.php\/wp-json\/wp\/v2\/media?parent=26133"}],"wp:term":[{"taxonomy":"category","embeddable":true,"href":"https:\/\/centralmedia.rs\/index.php\/wp-json\/wp\/v2\/categories?post=26133"},{"taxonomy":"post_tag","embeddable":true,"href":"https:\/\/centralmedia.rs\/index.php\/wp-json\/wp\/v2\/tags?post=26133"}],"curies":[{"name":"wp","href":"https:\/\/api.w.org\/{rel}","templated":true}]}}