{"id":26137,"date":"2021-02-12T17:44:10","date_gmt":"2021-02-12T17:44:10","guid":{"rendered":"http:\/\/centralmedia.rs\/?p=26137"},"modified":"2021-02-20T18:53:33","modified_gmt":"2021-02-20T18:53:33","slug":"koalicija-raseljenih-lica-sa-kosova-i-metohije-glas-za-srpsku-lista-garant-opstanka-i-povratka","status":"publish","type":"post","link":"https:\/\/centralmedia.rs\/index.php\/2021\/02\/12\/koalicija-raseljenih-lica-sa-kosova-i-metohije-glas-za-srpsku-lista-garant-opstanka-i-povratka\/","title":{"rendered":"KOALICIJA RASELJENIH LICA SA KOSOVA I METOHIJE &#8211; GLAS ZA SRPSKU LISTA GARANT OPSTANKA I POVRATKA"},"content":{"rendered":"<p>JAGODINA- Koalicija raseljenih lica sa Kosova i Metohije \u00a0pru\u017eila je danas sna\u017enu podr\u0161ku Srpskoj listi na predstoje\u0107im izborima u srpskoj ju\u017enoj pokrajini i pozivala Srbe sa KIM da svoj glas daju Srpskoj listi.<\/p>\n<p>-Glas za Srpsku listu je glas za opstanak i odbranu sve \u0161to je sveto i na\u0161e na Kosovu i Metohiji, a potom i borbu za povratak na na\u0161a vekovna ognji\u0161ta,stoji u saop\u0161tenju.<\/p>\n<p>Raseljeni podse\u0107aju da su samozvani predstavnici Srba, a sada \u0110ilasovi sledbenici poput Rade Trajkovi\u0107, u pro\u0161losti bili samo dekor \u0161iptarskim teroristima i glasali o progla\u0161enju la\u017ene dr\u017eave Kosovo kao poslanici u parlamentu tzv. Kosova.<\/p>\n<p>-Glasali su za nasilno otimanje na\u0161ih preduze\u0107a i privatizaciju svega \u0161to je srpsko na Kosovu i Metohiji. Prognani Srbi, proterani iz svojih fabrika, bili su \u017ertve otmanja njihovih firmi i nezakonite privatizacije od strane Albanaca. Za svo to vreme Rada Trajkovi\u0107 je bila poslanik Srba u parlamentu tzv. Kosova i \u0107utala je. Petkovi\u0107i, Trajkovi\u0107i i ostali samozvani predstavnici Srba punili su svoje d\u017eepove kupuju\u0107i stanove po Beogradu i dodatno poni\u017eavali sve srpske mu\u010denike, sve koji se bore za istinski ostanak na KIM, navodi se u saop\u0161tenju.<\/p>\n<p>-Jedino Srpska lista, uz punu podr\u0161ku predsednika Aleksandra Vu\u010di\u0107a i Vlade Srbije, uspela je da obnavalja srpske svetinje uz pomo\u0107 dr\u017eave Srbije, svakodveno je ukazuju\u0107i da je dr\u017eava Srbija uz svoj narod na KIM. \u010cinjenica je da nema stanovnika na KIM koji nema podr\u0161ku svoje dr\u017eave. Raseljena lica shodno mogu\u0107nostima, vise ni\u0161u poni\u017eena\u00a0 i gra\u0111ani tre\u0107eg i \u010detvrtog reda, kao u vreme onih kojima sada slu\u017ee la\u017eni predstavnici Srba, kao \u0161to je Rada Trajkovi\u0107 i njima sli\u010dni. \u017divela Srpska lista i Srbija, glas za Srpsku listu je glas za opstanak i povratak, zaklju\u010deno je u saop\u0161tenju Raseljenih lica sa KIM<\/p>\n","protected":false},"excerpt":{"rendered":"<p>JAGODINA- Koalicija raseljenih lica sa Kosova i Metohije \u00a0pru\u017eila je danas sna\u017enu podr\u0161ku Srpskoj listi na predstoje\u0107im izborima u srpskoj ju\u017enoj pokrajini i pozivala Srbe &hellip; <\/p>\n","protected":false},"author":2,"featured_media":11194,"comment_status":"open","ping_status":"open","sticky":false,"template":"","format":"standard","meta":{"footnotes":""},"categories":[1524,2,1514,13,12],"tags":[643,143,148,180,4095],"_links":{"self":[{"href":"https:\/\/centralmedia.rs\/index.php\/wp-json\/wp\/v2\/posts\/26137"}],"collection":[{"href":"https:\/\/centralmedia.rs\/index.php\/wp-json\/wp\/v2\/posts"}],"about":[{"href":"https:\/\/centralmedia.rs\/index.php\/wp-json\/wp\/v2\/types\/post"}],"author":[{"embeddable":true,"href":"https:\/\/centralmedia.rs\/index.php\/wp-json\/wp\/v2\/users\/2"}],"replies":[{"embeddable":true,"href":"https:\/\/centralmedia.rs\/index.php\/wp-json\/wp\/v2\/comments?post=26137"}],"version-history":[{"count":2,"href":"https:\/\/centralmedia.rs\/index.php\/wp-json\/wp\/v2\/posts\/26137\/revisions"}],"predecessor-version":[{"id":26139,"href":"https:\/\/centralmedia.rs\/index.php\/wp-json\/wp\/v2\/posts\/26137\/revisions\/26139"}],"wp:featuredmedia":[{"embeddable":true,"href":"https:\/\/centralmedia.rs\/index.php\/wp-json\/wp\/v2\/media\/11194"}],"wp:attachment":[{"href":"https:\/\/centralmedia.rs\/index.php\/wp-json\/wp\/v2\/media?parent=26137"}],"wp:term":[{"taxonomy":"category","embeddable":true,"href":"https:\/\/centralmedia.rs\/index.php\/wp-json\/wp\/v2\/categories?post=26137"},{"taxonomy":"post_tag","embeddable":true,"href":"https:\/\/centralmedia.rs\/index.php\/wp-json\/wp\/v2\/tags?post=26137"}],"curies":[{"name":"wp","href":"https:\/\/api.w.org\/{rel}","templated":true}]}}