{"id":26155,"date":"2021-02-18T22:34:09","date_gmt":"2021-02-18T22:34:09","guid":{"rendered":"http:\/\/centralmedia.rs\/?p=26155"},"modified":"2021-02-26T08:56:56","modified_gmt":"2021-02-26T08:56:56","slug":"milanovic-vracanje-vojnog-roka-podiglo-bi-lokalnu-ekonomiju","status":"publish","type":"post","link":"https:\/\/centralmedia.rs\/index.php\/2021\/02\/18\/milanovic-vracanje-vojnog-roka-podiglo-bi-lokalnu-ekonomiju\/","title":{"rendered":"MILANOVI\u0106: VRA\u0106ANjE VOJNOG ROKA PODIGLO BI LOKALNU EKONOMIJU"},"content":{"rendered":"<p>SVILAJNAC- Op\u0161tina Svilajnac podr\u017eava najavljeno vra\u0107anje vojnog roka i smatra ga vi\u0161estruko korisnim, naro\u010dito za manje sredine kao \u0161to je Svilajnac, koji ima prazne vojne objekte. Predsednik op\u0161tine Svilajnac Predrag Milanovi\u0107 ka\u017ee da je za lokalnu sredinu to zna\u010dajno u ekonomskom, demografskom i bezbednosnom segmentu:<\/p>\n<p>\u201eOsim \u0161to slu\u017eenjem vojnog roka podi\u017eemo nivo nacionalne bezbednosti, ja\u010damo odbrambene kapacitete, tako\u0111e i osposobljavamo mlade ljude ne samo za vojsku, nego i za \u017eivot i razne \u017eivotne situacije. Svilajnac ima objekte nekada\u0161nje kasarne, koji su prazni, a koji bi se vra\u0107anjem vojnog roka ponovo vratili nameni i svojoj funkciji. Drugo, za manje lokalne sredine izuzetno je va\u017ean ekonomski aspekt, jer bi se pokrenula privreda, lokalna preduze\u0107a, proizvodne i uslu\u017ene delatnosti. Svilajnac je imao kasarnu i ima iskustva koliko je to zna\u010dajno i za demografiju, jer bi se tu nastanili oficiri i vojni slu\u017ebenici sa svojim porodicama\u201c \u2013 izjavio je on i dodao da je op\u0161tina Svilajnac spremna i da finansijski i logisti\u010dki podr\u017ei obnovu nekada\u0161nje kasarne, kao i da pomogne re\u0161avanje stambenih pitanja vojnih lica:<\/p>\n<p>\u201eVojni objekti na teritoriji op\u0161tine Svilajnac u dobrom su stanju, a mi bismo i finansijski podr\u017eali njihovo ponovno stavljanje u funkciju. Tu smo da budemo partneri ukoliko bude odlu\u010deno da se vojni rok vrati. Da smo imali vojsku 2014. godine kada nas je zadesila nezapam\u0107ena poplava, mnogo bismo lak\u0161e to prebrodili, tako da znamo koliko vojska zna\u010di i u mirnodopskim uslovima, kada se desi recimo neka prirodna nepogoda\u201c \u2013 zavr\u0161ava Milanovi\u0107 i zaklju\u010duje da bi se vra\u0107anjem vojnog roka pove\u0107ala cirkulacija ljudi u Svilajncu \u0161to bi sigurno dodatno podiglo i lokalnu privredu.<\/p>\n","protected":false},"excerpt":{"rendered":"<p>SVILAJNAC- Op\u0161tina Svilajnac podr\u017eava najavljeno vra\u0107anje vojnog roka i smatra ga vi\u0161estruko korisnim, naro\u010dito za manje sredine kao \u0161to je Svilajnac, koji ima prazne vojne &hellip; <\/p>\n","protected":false},"author":2,"featured_media":25218,"comment_status":"open","ping_status":"open","sticky":false,"template":"","format":"standard","meta":{"footnotes":""},"categories":[1524,2,13,12,1517],"tags":[5024,39,38,5023],"_links":{"self":[{"href":"https:\/\/centralmedia.rs\/index.php\/wp-json\/wp\/v2\/posts\/26155"}],"collection":[{"href":"https:\/\/centralmedia.rs\/index.php\/wp-json\/wp\/v2\/posts"}],"about":[{"href":"https:\/\/centralmedia.rs\/index.php\/wp-json\/wp\/v2\/types\/post"}],"author":[{"embeddable":true,"href":"https:\/\/centralmedia.rs\/index.php\/wp-json\/wp\/v2\/users\/2"}],"replies":[{"embeddable":true,"href":"https:\/\/centralmedia.rs\/index.php\/wp-json\/wp\/v2\/comments?post=26155"}],"version-history":[{"count":1,"href":"https:\/\/centralmedia.rs\/index.php\/wp-json\/wp\/v2\/posts\/26155\/revisions"}],"predecessor-version":[{"id":26156,"href":"https:\/\/centralmedia.rs\/index.php\/wp-json\/wp\/v2\/posts\/26155\/revisions\/26156"}],"wp:featuredmedia":[{"embeddable":true,"href":"https:\/\/centralmedia.rs\/index.php\/wp-json\/wp\/v2\/media\/25218"}],"wp:attachment":[{"href":"https:\/\/centralmedia.rs\/index.php\/wp-json\/wp\/v2\/media?parent=26155"}],"wp:term":[{"taxonomy":"category","embeddable":true,"href":"https:\/\/centralmedia.rs\/index.php\/wp-json\/wp\/v2\/categories?post=26155"},{"taxonomy":"post_tag","embeddable":true,"href":"https:\/\/centralmedia.rs\/index.php\/wp-json\/wp\/v2\/tags?post=26155"}],"curies":[{"name":"wp","href":"https:\/\/api.w.org\/{rel}","templated":true}]}}