{"id":2616,"date":"2016-04-03T07:03:29","date_gmt":"2016-04-03T07:03:29","guid":{"rendered":"http:\/\/centralmedia.rs\/?p=2616"},"modified":"2016-04-03T07:03:29","modified_gmt":"2016-04-03T07:03:29","slug":"vostana-figura-palme-u-muzeju-moze-ali-za-50-godina","status":"publish","type":"post","link":"https:\/\/centralmedia.rs\/index.php\/2016\/04\/03\/vostana-figura-palme-u-muzeju-moze-ali-za-50-godina\/","title":{"rendered":"VO\u0160TANA FIGURA PALME U MUZEJU &#8211; MO\u017dE, ALI ZA 50 GODINA"},"content":{"rendered":"<p>JAGODINA-Moj zadatak je da stvaram i radim, pravim i gradim, a posle 50 godina ako neko ka\u017ee da imam zasluge. Me\u0111utim, siguran sam da o tome ne\u0107u odu\u010divati, ka\u017ee prvi \u010dovek Jagodine Dragan Markovi\u0107 Palma na pitanje da li bi prihvatio inicijativu gra\u0111ana za izradu i postavljanje njegove vo\u0161tane figure u Muzeju vo\u0161tanih figura u tom gradu.<br \/>\n\t-Sada ne bih prihvatio predlog da izradu moje vo\u0161tane figure, jer smatram da nemam takve zasluge za Srbiju. Gradim crkvu u rodnom Kon\u010darevu, po crkvenim pravilima ktitorska kompozicija nalazi se me\u0111u freskama, ali smatram da nisam svetac i da mi tu nije mesto.  Nisam prihvatio taj predlog crkve, bi\u0107e postavljena plo\u010da ispred  crkve sa imenom ktitora, a ne freska sa likom Dragana Markovi\u0107a Palme. Vladika je rekao da to mora, a ja sam rekao da \u0107e onda morati da mi oprosti, obja\u0161njava Palma.<a href=\"https:\/\/centralmedia.rs\/wp-content\/uploads\/2016\/04\/sveti-sava-jagodina-g.j..jpg\" rel=\"attachment wp-att-2618\"><img loading=\"lazy\" decoding=\"async\" src=\"https:\/\/centralmedia.rs\/wp-content\/uploads\/2016\/04\/sveti-sava-jagodina-g.j.-300x225.jpg\" alt=\"sveti sava-jagodina-g.j.\" width=\"300\" height=\"225\" class=\"alignnone size-medium wp-image-2618\" srcset=\"https:\/\/centralmedia.rs\/wp-content\/uploads\/2016\/04\/sveti-sava-jagodina-g.j.-300x225.jpg 300w, https:\/\/centralmedia.rs\/wp-content\/uploads\/2016\/04\/sveti-sava-jagodina-g.j.-768x576.jpg 768w, https:\/\/centralmedia.rs\/wp-content\/uploads\/2016\/04\/sveti-sava-jagodina-g.j.-80x60.jpg 80w, https:\/\/centralmedia.rs\/wp-content\/uploads\/2016\/04\/sveti-sava-jagodina-g.j.-265x198.jpg 265w, https:\/\/centralmedia.rs\/wp-content\/uploads\/2016\/04\/sveti-sava-jagodina-g.j..jpg 900w\" sizes=\"(max-width: 300px) 100vw, 300px\" \/><\/a><br \/>\nU Muzeju vo\u0161tanih figura u Jagodini  nalaze se figure 31 znamenite li\u010dnosti, koje su obele\u017eile istoriju Srba i Srbije. Poslednja u nizu i najzna\u010dajnija je figura predsednika Federacije Rusije Vladimira Vladimirovi\u010da Putina.<br \/>\n-Putin je prvi ,,stranac\u201d Ruskog porekla u muzeju, a Srpski idol. Zbog izborne kampanje nismo sada hteli da postavimo figure Aleksandra Vu\u010di\u0107a i Ivice Da\u010di\u0107a. Oni su obele\u017ei jedno vreme. Ne smatram da im je mesto u muzeju i da prestanu da se bave politikimo, ali po\u0161to su tu ve\u0107 Tito, Milo\u0161evi\u0107, Ko\u0161tunica, \u0110in\u0111i\u0107, za\u0161to ne bi i ove dve figure bile u muzeju, ka\u017ee Palma.<br \/>\nIna\u010de,vo\u0161tane figure znamenitih li\u010dnosti iz nacionale istorije Srba u jagodinski Muzej vo\u0161tanih figura dopremljene su iz beogradske gara\u017ee vajara Vlade Ton\u010di\u0107a gde su bile preupu\u0161tene zaboravu. Spasili su ih Dragan Markovi\u0107 Palma i pokojni Vuk Bojovi\u0107 i to je ukratko put stvaranja jedinstvene kolekcije vo\u0161tanih figira u ovom delu Evrope.<a href=\"https:\/\/centralmedia.rs\/wp-content\/uploads\/2016\/04\/vuk-jagodina-g.j..jpg\" rel=\"attachment wp-att-2620\"><img loading=\"lazy\" decoding=\"async\" src=\"https:\/\/centralmedia.rs\/wp-content\/uploads\/2016\/04\/vuk-jagodina-g.j.-300x225.jpg\" alt=\"vuk-jagodina-g.j.\" width=\"300\" height=\"225\" class=\"alignnone size-medium wp-image-2620\" srcset=\"https:\/\/centralmedia.rs\/wp-content\/uploads\/2016\/04\/vuk-jagodina-g.j.-300x225.jpg 300w, https:\/\/centralmedia.rs\/wp-content\/uploads\/2016\/04\/vuk-jagodina-g.j.-768x576.jpg 768w, https:\/\/centralmedia.rs\/wp-content\/uploads\/2016\/04\/vuk-jagodina-g.j.-80x60.jpg 80w, https:\/\/centralmedia.rs\/wp-content\/uploads\/2016\/04\/vuk-jagodina-g.j.-265x198.jpg 265w, https:\/\/centralmedia.rs\/wp-content\/uploads\/2016\/04\/vuk-jagodina-g.j..jpg 900w\" sizes=\"(max-width: 300px) 100vw, 300px\" \/><\/a><br \/>\n\t-Nove figure u toj kolekciji su likovi Novaka \u0110okovi\u0107a, Vuka Bojovi\u0107a i Vladimira Putina. Trenutno se radi novi lik Novaka \u0110okovi\u0107a, jer smo procenili da je postoje\u0107i lo\u0161e ura\u0111en. Vajari Zoran Ivanovi\u0107 i Branislav Crvenkovi\u0107 su istinski majstori svog posla. Oni su radili Vuka i Putina, a likovi su toliko verno ura\u0111eni ,,samo \u0161to ne progovore\u201d, obja\u0161njava zadovoljno Palma.<br \/>\nOn navodi da u toku rada na figure ne daje sugesije umetnicima i ne uti\u010de na krajnji izgled figure.<br \/>\n-Oni meni u toku procesa stvaranja figure \u0161alju fotografije pojedinih faza. Meni je to lepo delovalo, ali ne mogu ja da im ka\u017eem ,,ovde iseci, ovde \u0161mirglaj\u201d\u2026 re\u010d je o velikim umetnicima. Recimo Vuk je pozirao ispred svoje figure i to je najbolja vo\u0161tna figura na svetu neke li\u010dnosti, tvrdi Palma I dodaje da nema neomiljene figire ili li\u010dnosti u muzeju, a u prilog tome isti\u010de da je privatno bio blizak sa \u0110in\u0111i\u0107em i pored toga \u0161to su bili politi\u010dki neistomi\u0161ljenici.<br \/>\n-Postali smo prijatelji kada sam dobio mandat poslanika i u\u0161ao Skup\u0161tinu Srbije. \u0110in\u0111i\u0107 je bio na TV Palmi plus bar 30 puta, kada nigde u Srbiji nije mogao da se pojavi i pri\u010da u medijima, sli\u010dno je bilo sa Vukom Dra\u0161kovi\u0107em i Vojislavom \u0160e\u0161eljem.  Na mojoj proslavi bio je \u0110in\u0111i\u0107, tada su tu bili Arkan i jo\u0161 neki ljudi iz vrha dr\u017eave. On je bio pokrovitelj svetskog prvenstva u kik boksu. Predhodno smo nekoliko puta pitali Ko\u0161tunicu, ali on nas je stalno prolongirao sa odlukom. \u0110in\u0111i\u0107 je bez ikakvih uslova prihvatio pokrovitelsjtvo,do\u0161ao sa sinom Lukom i otvorio to takmi\u010denje,obja\u0161njava Palma.<a href=\"https:\/\/centralmedia.rs\/wp-content\/uploads\/2016\/04\/novak-1-jagodina-g.j..jpg\" rel=\"attachment wp-att-2621\"><img loading=\"lazy\" decoding=\"async\" src=\"https:\/\/centralmedia.rs\/wp-content\/uploads\/2016\/04\/novak-1-jagodina-g.j.-300x232.jpg\" alt=\"novak 1-jagodina-g.j.\" width=\"300\" height=\"232\" class=\"alignnone size-medium wp-image-2621\" srcset=\"https:\/\/centralmedia.rs\/wp-content\/uploads\/2016\/04\/novak-1-jagodina-g.j.-300x232.jpg 300w, https:\/\/centralmedia.rs\/wp-content\/uploads\/2016\/04\/novak-1-jagodina-g.j.-768x595.jpg 768w, https:\/\/centralmedia.rs\/wp-content\/uploads\/2016\/04\/novak-1-jagodina-g.j.-1024x793.jpg 1024w, https:\/\/centralmedia.rs\/wp-content\/uploads\/2016\/04\/novak-1-jagodina-g.j..jpg 1200w\" sizes=\"(max-width: 300px) 100vw, 300px\" \/><\/a><br \/>\nNjegova omiljena figura  je najbolji sportista sveta Novak \u0110okovi\u0107.<br \/>\n&#8211; Mada mi se na svi\u0111a kako je ura\u0111ena i za mesec dana bi\u0107e ura\u0111en novi lik, autori su Ivanovi\u0107 i Crvenkovi\u0107. Novak je do\u0161ao u Jagodinu prilikom uno\u0161enja figire u muzej i rekao ,,ovo je moj brat blizanac\u201d. Sve figure su mi drage, jer su to li\u010dnosti koje su obele\u017eile vreme u kome su \u017eivele. Lik Tesle je veoma popularan, zatim pesnikinja Desanka Maksimovi\u0107, Vuk Karad\u017ei\u0107\u2026pri\u010da Palma i dodaje da svake godine mora da se unese po neka nova figura. <a href=\"https:\/\/centralmedia.rs\/wp-content\/uploads\/2016\/04\/tesla-jagodina-g.j..jpg\" rel=\"attachment wp-att-2622\"><img loading=\"lazy\" decoding=\"async\" src=\"https:\/\/centralmedia.rs\/wp-content\/uploads\/2016\/04\/tesla-jagodina-g.j.-225x300.jpg\" alt=\"tesla-jagodina-g.j.\" width=\"225\" height=\"300\" class=\"alignnone size-medium wp-image-2622\" srcset=\"https:\/\/centralmedia.rs\/wp-content\/uploads\/2016\/04\/tesla-jagodina-g.j.-225x300.jpg 225w, https:\/\/centralmedia.rs\/wp-content\/uploads\/2016\/04\/tesla-jagodina-g.j..jpg 675w\" sizes=\"(max-width: 225px) 100vw, 225px\" \/><\/a><\/p>\n","protected":false},"excerpt":{"rendered":"<p>JAGODINA-Moj zadatak je da stvaram i radim, pravim i gradim, a posle 50 godina ako neko ka\u017ee da imam zasluge. Me\u0111utim, siguran sam da o &hellip; <\/p>\n","protected":false},"author":4,"featured_media":2617,"comment_status":"open","ping_status":"open","sticky":false,"template":"","format":"standard","meta":{"footnotes":""},"categories":[14,2,12],"tags":[58,276,120],"_links":{"self":[{"href":"https:\/\/centralmedia.rs\/index.php\/wp-json\/wp\/v2\/posts\/2616"}],"collection":[{"href":"https:\/\/centralmedia.rs\/index.php\/wp-json\/wp\/v2\/posts"}],"about":[{"href":"https:\/\/centralmedia.rs\/index.php\/wp-json\/wp\/v2\/types\/post"}],"author":[{"embeddable":true,"href":"https:\/\/centralmedia.rs\/index.php\/wp-json\/wp\/v2\/users\/4"}],"replies":[{"embeddable":true,"href":"https:\/\/centralmedia.rs\/index.php\/wp-json\/wp\/v2\/comments?post=2616"}],"version-history":[{"count":0,"href":"https:\/\/centralmedia.rs\/index.php\/wp-json\/wp\/v2\/posts\/2616\/revisions"}],"wp:featuredmedia":[{"embeddable":true,"href":"https:\/\/centralmedia.rs\/index.php\/wp-json\/wp\/v2\/media\/2617"}],"wp:attachment":[{"href":"https:\/\/centralmedia.rs\/index.php\/wp-json\/wp\/v2\/media?parent=2616"}],"wp:term":[{"taxonomy":"category","embeddable":true,"href":"https:\/\/centralmedia.rs\/index.php\/wp-json\/wp\/v2\/categories?post=2616"},{"taxonomy":"post_tag","embeddable":true,"href":"https:\/\/centralmedia.rs\/index.php\/wp-json\/wp\/v2\/tags?post=2616"}],"curies":[{"name":"wp","href":"https:\/\/api.w.org\/{rel}","templated":true}]}}