{"id":26211,"date":"2021-03-02T15:28:27","date_gmt":"2021-03-02T15:28:27","guid":{"rendered":"http:\/\/centralmedia.rs\/?p=26211"},"modified":"2021-03-17T16:38:36","modified_gmt":"2021-03-17T16:38:36","slug":"u-sred-korone-drzava-pomaze-male-privednike-a-opstina-rekovac-globi","status":"publish","type":"post","link":"https:\/\/centralmedia.rs\/index.php\/2021\/03\/02\/u-sred-korone-drzava-pomaze-male-privednike-a-opstina-rekovac-globi\/","title":{"rendered":"U SRED KORONE DR\u017dAVA POMA\u017dE MALE PRIVEDNIKE, A OP\u0160TINA REKOVAC GLOBI"},"content":{"rendered":"<p>REKOVAC- Na adrese malih privrednika u Rekovcu po\u010detkom godine prispela su re\u0161enja o pla\u0107anju takse za isticanje firme u enorminim iznosima, u nekim slu\u010dajevima porodice trebaju da plate preko 200 hiljada dinara. Privrednici nezadovoljni izjavljuju da \u0107e zbog samovolje op\u0161tinskih struktura, koje predvode kadrovi SNS, pokrenuti sudske sporove zbog takvog napla\u0107ivanja takse, dok predsednik te op\u0161tine dr Aleksandar \u0110or\u0111evi\u0107 isti\u010de da re\u010d o uobi\u010dajenoj praksi slanja opomena privrednicima koji vi\u0161e godina ne pla\u0107aju.<\/p>\n<div id='gallery-1' class='gallery galleryid-26211 gallery-columns-5 gallery-size-thumbnail'><figure class='gallery-item'>\n\t\t\t<div class='gallery-icon landscape'>\n\t\t\t\t<a href='https:\/\/centralmedia.rs\/index.php\/2021\/03\/02\/u-sred-korone-drzava-pomaze-male-privednike-a-opstina-rekovac-globi\/porez-5\/'><img loading=\"lazy\" decoding=\"async\" width=\"150\" height=\"150\" src=\"https:\/\/centralmedia.rs\/wp-content\/uploads\/2021\/03\/porez-150x150.jpg\" class=\"attachment-thumbnail size-thumbnail\" alt=\"\" \/><\/a>\n\t\t\t<\/div><\/figure><figure class='gallery-item'>\n\t\t\t<div class='gallery-icon landscape'>\n\t\t\t\t<a href='https:\/\/centralmedia.rs\/index.php\/2021\/03\/02\/u-sred-korone-drzava-pomaze-male-privednike-a-opstina-rekovac-globi\/porez1\/'><img loading=\"lazy\" decoding=\"async\" width=\"150\" height=\"150\" src=\"https:\/\/centralmedia.rs\/wp-content\/uploads\/2021\/03\/porez1-150x150.jpg\" class=\"attachment-thumbnail size-thumbnail\" alt=\"\" \/><\/a>\n\t\t\t<\/div><\/figure><figure class='gallery-item'>\n\t\t\t<div class='gallery-icon landscape'>\n\t\t\t\t<a href='https:\/\/centralmedia.rs\/index.php\/2021\/03\/02\/u-sred-korone-drzava-pomaze-male-privednike-a-opstina-rekovac-globi\/porez2\/'><img loading=\"lazy\" decoding=\"async\" width=\"150\" height=\"150\" src=\"https:\/\/centralmedia.rs\/wp-content\/uploads\/2021\/03\/porez2-150x150.jpg\" class=\"attachment-thumbnail size-thumbnail\" alt=\"\" \/><\/a>\n\t\t\t<\/div><\/figure><figure class='gallery-item'>\n\t\t\t<div class='gallery-icon landscape'>\n\t\t\t\t<a href='https:\/\/centralmedia.rs\/index.php\/2021\/03\/02\/u-sred-korone-drzava-pomaze-male-privednike-a-opstina-rekovac-globi\/porez3\/'><img loading=\"lazy\" decoding=\"async\" width=\"150\" height=\"150\" src=\"https:\/\/centralmedia.rs\/wp-content\/uploads\/2021\/03\/porez3-150x150.jpg\" class=\"attachment-thumbnail size-thumbnail\" alt=\"\" \/><\/a>\n\t\t\t<\/div><\/figure><figure class='gallery-item'>\n\t\t\t<div class='gallery-icon landscape'>\n\t\t\t\t<a href='https:\/\/centralmedia.rs\/index.php\/2021\/03\/02\/u-sred-korone-drzava-pomaze-male-privednike-a-opstina-rekovac-globi\/porez4\/'><img loading=\"lazy\" decoding=\"async\" width=\"150\" height=\"150\" src=\"https:\/\/centralmedia.rs\/wp-content\/uploads\/2021\/03\/porez4-150x150.jpg\" class=\"attachment-thumbnail size-thumbnail\" alt=\"\" \/><\/a>\n\t\t\t<\/div><\/figure>\n\t\t<\/div>\n\n<p>-Napla\u0107uju porez za isticanje firmi od pre 10 godina, neke firme su uga\u0161ene. Do\u0161li smo do podatka da je pre pet godina ta taksa ukinuta, ali pro\u0161le godine vra\u0107ena, me\u0111utim, sada se zahteva da platimo i za godine kada nije bilo te takse. Op\u0161tina u me\u0111uvremenu nije pokretala postupke naplate, tako da dug zastareva, a oni su nam zara\u010dunali enormne kamate. Predsednik op\u0161tine nam ka\u017ee da op\u0161tina mora od ne\u010dega da \u017eivi, a dr\u017eavna politika je kao podr\u0161ka malim privrednicima i odlaganje pla\u0107anja obaveza. Zato smo odlu\u010dili da tu\u017eimo op\u0161tinu zbog nezakonitih re\u0161enja. U konsulatacijama sa advokatima dobili smo odgovor da ukoliko u roku od godinu dana op\u0161tina ne utu\u017ei za dug, taj dug zastareva, odnosno treba da platimo taksu samo za godinu dana za isticanje firme, ka\u017ee poverenik Unije poslodavaca u Rekovcu Zoran Radoi\u010di\u0107.<\/p>\n<p>Pojedine porodice Lev\u010du, koje imaju nekoliko preduze\u0107a, treba da plate preko 200 hiljada dinara prema re\u0161enjima lokalnih poreznika.<\/p>\n<p>-To nije ta\u010dno, demantovali smo. Radoi\u010di\u0107 nije pla\u0107ao porez i rasla mu je kamata. Zakonski je zabranjeno da retroaktivno napla\u0107ujemo takes. To je bio presek stanja pla\u0107anja poreza. Radoi\u010di\u0107 nikad u \u017eivotu nije platio porez. On ima rokove u kojima mora da plati porez, konkretno 25 hiljada dinara porez i 15 hiljada kamata. Ima jo\u0161 ljudi koji godinama nisu pla\u0107ali, nije to nova taksa. Oni su dobijali opomene. Rekovac je mala op\u0161tina i niko ih nikada nije dirao. Poreznici moraju da rade svoj posao, poslali su opomene, jer \u0107e dug da zastari. U tom slu\u010daju bi kazali da lokalni poreznici ni\u0161ta ne rade. Nije bilo re\u010di o izvr\u0161enju, a pogotovo to nije neka nova taksa koja se retroaktvno ra\u010duna, obja\u0161njava dr \u0110or\u0111evi\u0107.<\/p>\n<p>Ukoliko je op\u0161tina u pravu ostaje pitanje za\u0161to godinama nije napla\u0107ivana firmarina, a ukoliko su privrednici u pravu op\u0161tina \u0107e morati da ih obe\u0161teti u sudskom postupku. U svakom slu\u010daju op\u0161tina je na gubitku.<\/p>\n","protected":false},"excerpt":{"rendered":"<p>REKOVAC- Na adrese malih privrednika u Rekovcu po\u010detkom godine prispela su re\u0161enja o pla\u0107anju takse za isticanje firme u enorminim iznosima, u nekim slu\u010dajevima porodice &hellip; <\/p>\n","protected":false},"author":2,"featured_media":6018,"comment_status":"open","ping_status":"open","sticky":false,"template":"","format":"standard","meta":{"footnotes":""},"categories":[22,1524,2,1519,12],"tags":[1536,441,5031],"_links":{"self":[{"href":"https:\/\/centralmedia.rs\/index.php\/wp-json\/wp\/v2\/posts\/26211"}],"collection":[{"href":"https:\/\/centralmedia.rs\/index.php\/wp-json\/wp\/v2\/posts"}],"about":[{"href":"https:\/\/centralmedia.rs\/index.php\/wp-json\/wp\/v2\/types\/post"}],"author":[{"embeddable":true,"href":"https:\/\/centralmedia.rs\/index.php\/wp-json\/wp\/v2\/users\/2"}],"replies":[{"embeddable":true,"href":"https:\/\/centralmedia.rs\/index.php\/wp-json\/wp\/v2\/comments?post=26211"}],"version-history":[{"count":3,"href":"https:\/\/centralmedia.rs\/index.php\/wp-json\/wp\/v2\/posts\/26211\/revisions"}],"predecessor-version":[{"id":26219,"href":"https:\/\/centralmedia.rs\/index.php\/wp-json\/wp\/v2\/posts\/26211\/revisions\/26219"}],"wp:featuredmedia":[{"embeddable":true,"href":"https:\/\/centralmedia.rs\/index.php\/wp-json\/wp\/v2\/media\/6018"}],"wp:attachment":[{"href":"https:\/\/centralmedia.rs\/index.php\/wp-json\/wp\/v2\/media?parent=26211"}],"wp:term":[{"taxonomy":"category","embeddable":true,"href":"https:\/\/centralmedia.rs\/index.php\/wp-json\/wp\/v2\/categories?post=26211"},{"taxonomy":"post_tag","embeddable":true,"href":"https:\/\/centralmedia.rs\/index.php\/wp-json\/wp\/v2\/tags?post=26211"}],"curies":[{"name":"wp","href":"https:\/\/api.w.org\/{rel}","templated":true}]}}