{"id":26228,"date":"2021-03-05T21:36:12","date_gmt":"2021-03-05T21:36:12","guid":{"rendered":"http:\/\/centralmedia.rs\/?p=26228"},"modified":"2021-03-09T13:35:34","modified_gmt":"2021-03-09T13:35:34","slug":"izlozba-u-galeriji-kulturnog-centra","status":"publish","type":"post","link":"https:\/\/centralmedia.rs\/index.php\/2021\/03\/05\/izlozba-u-galeriji-kulturnog-centra\/","title":{"rendered":"IZLO\u017dBA U GALERIJI KULTURNOG CENTRA"},"content":{"rendered":"<p>PARA\u0106IN-U galeriji para\u0107inskog Kulturnog centra od ponedeljka 8. marta bi\u0107e otvorena tre\u0107a retrospektivna izlo\u017eba radova sa prethodnih Siseva\u010dkih likovnih kolonija u organizaciji Kulturnog centra Para\u0107in, a pod pokroviteljstvom op\u0161tine Para\u0107in. Ovog puta su postavljene slike samo \u017eenskih autora povodom predstoje\u0107eg Dana \u017eena. Svi zainteresovani pojedina\u010dno ili u manjim grupama, uz obevezno po\u0161tovanje preventivnih mera, mogu posetiti galeriju svakog radnog dana u prepodnevnim \u010dasovima. Ova izlo\u017eba \u0107e biti postavljena do kraja meseca.<\/p>\n","protected":false},"excerpt":{"rendered":"<p>PARA\u0106IN-U galeriji para\u0107inskog Kulturnog centra od ponedeljka 8. marta bi\u0107e otvorena tre\u0107a retrospektivna izlo\u017eba radova sa prethodnih Siseva\u010dkih likovnih kolonija u organizaciji Kulturnog centra Para\u0107in, &hellip; <\/p>\n","protected":false},"author":2,"featured_media":26229,"comment_status":"open","ping_status":"open","sticky":false,"template":"","format":"standard","meta":{"footnotes":""},"categories":[1524,2,15,1516,12],"tags":[649,342,156],"_links":{"self":[{"href":"https:\/\/centralmedia.rs\/index.php\/wp-json\/wp\/v2\/posts\/26228"}],"collection":[{"href":"https:\/\/centralmedia.rs\/index.php\/wp-json\/wp\/v2\/posts"}],"about":[{"href":"https:\/\/centralmedia.rs\/index.php\/wp-json\/wp\/v2\/types\/post"}],"author":[{"embeddable":true,"href":"https:\/\/centralmedia.rs\/index.php\/wp-json\/wp\/v2\/users\/2"}],"replies":[{"embeddable":true,"href":"https:\/\/centralmedia.rs\/index.php\/wp-json\/wp\/v2\/comments?post=26228"}],"version-history":[{"count":1,"href":"https:\/\/centralmedia.rs\/index.php\/wp-json\/wp\/v2\/posts\/26228\/revisions"}],"predecessor-version":[{"id":26230,"href":"https:\/\/centralmedia.rs\/index.php\/wp-json\/wp\/v2\/posts\/26228\/revisions\/26230"}],"wp:featuredmedia":[{"embeddable":true,"href":"https:\/\/centralmedia.rs\/index.php\/wp-json\/wp\/v2\/media\/26229"}],"wp:attachment":[{"href":"https:\/\/centralmedia.rs\/index.php\/wp-json\/wp\/v2\/media?parent=26228"}],"wp:term":[{"taxonomy":"category","embeddable":true,"href":"https:\/\/centralmedia.rs\/index.php\/wp-json\/wp\/v2\/categories?post=26228"},{"taxonomy":"post_tag","embeddable":true,"href":"https:\/\/centralmedia.rs\/index.php\/wp-json\/wp\/v2\/tags?post=26228"}],"curies":[{"name":"wp","href":"https:\/\/api.w.org\/{rel}","templated":true}]}}