{"id":26289,"date":"2021-03-15T12:37:54","date_gmt":"2021-03-15T12:37:54","guid":{"rendered":"http:\/\/centralmedia.rs\/?p=26289"},"modified":"2021-03-17T16:36:12","modified_gmt":"2021-03-17T16:36:12","slug":"palma-jagodina-je-glavni-grad-srpskog-zenskog-rukometa","status":"publish","type":"post","link":"https:\/\/centralmedia.rs\/index.php\/2021\/03\/15\/palma-jagodina-je-glavni-grad-srpskog-zenskog-rukometa\/","title":{"rendered":"PALMA : JAGODINA JE GLAVNI GRAD SRPSKOG \u017dENSKOG RUKOMETA"},"content":{"rendered":"<p>JAGODINA-Predsednik Skup\u0161tine grada Jagodine Dragan Markovi\u0107 Palma danas je primio rukometa\u0161ice, trenera i rukovodstvo \u017denskog omladinskog rukometnog kluba Jagodina, koji je u subotu po drugi put za redom osvojio Kup Srbije, pobediv\u0161i u finalu ni\u0161ku Naisu sa\u00a022:21. Jagodini je ovo \u010detvrti osvojeni Kup Srbije, drugi za redom i dvostruki je \u0161ampion dr\u017eave i na putu je da osvoji i tre\u0107u titulu prvaka Srbije za redom.<\/p>\n<p>-Vi niste pobedili Naisu, vi ste pobedili selektora,selektor reprezentacije Srbije Ljubomir Obradovi\u0107 je i trener Naise. Vi\u0161e nije Beograd glavni grad \u017eenskog rukometa u Srbiji ve\u0107 Jagodina, poru\u010dio je Markovi\u0107 na prijemu u Skup\u0161tini grada Jagodine prire\u0111enom za rukometa\u0161ice Jagodine.<\/p>\n<div id='gallery-1' class='gallery galleryid-26289 gallery-columns-8 gallery-size-thumbnail'><figure class='gallery-item'>\n\t\t\t<div class='gallery-icon landscape'>\n\t\t\t\t<a href='https:\/\/centralmedia.rs\/index.php\/2021\/03\/15\/palma-jagodina-je-glavni-grad-srpskog-zenskog-rukometa\/aca-2\/'><img loading=\"lazy\" decoding=\"async\" width=\"150\" height=\"150\" src=\"https:\/\/centralmedia.rs\/wp-content\/uploads\/2021\/03\/aca-150x150.jpg\" class=\"attachment-thumbnail size-thumbnail\" alt=\"\" \/><\/a>\n\t\t\t<\/div><\/figure><figure class='gallery-item'>\n\t\t\t<div class='gallery-icon landscape'>\n\t\t\t\t<a href='https:\/\/centralmedia.rs\/index.php\/2021\/03\/15\/palma-jagodina-je-glavni-grad-srpskog-zenskog-rukometa\/djura\/'><img loading=\"lazy\" decoding=\"async\" width=\"150\" height=\"150\" src=\"https:\/\/centralmedia.rs\/wp-content\/uploads\/2021\/03\/djura-150x150.jpg\" class=\"attachment-thumbnail size-thumbnail\" alt=\"\" \/><\/a>\n\t\t\t<\/div><\/figure><figure class='gallery-item'>\n\t\t\t<div class='gallery-icon landscape'>\n\t\t\t\t<a href='https:\/\/centralmedia.rs\/index.php\/2021\/03\/15\/palma-jagodina-je-glavni-grad-srpskog-zenskog-rukometa\/jela\/'><img loading=\"lazy\" decoding=\"async\" width=\"150\" height=\"150\" src=\"https:\/\/centralmedia.rs\/wp-content\/uploads\/2021\/03\/jela-150x150.jpg\" class=\"attachment-thumbnail size-thumbnail\" alt=\"\" \/><\/a>\n\t\t\t<\/div><\/figure><figure class='gallery-item'>\n\t\t\t<div class='gallery-icon landscape'>\n\t\t\t\t<a href='https:\/\/centralmedia.rs\/index.php\/2021\/03\/15\/palma-jagodina-je-glavni-grad-srpskog-zenskog-rukometa\/kup-srbije\/'><img loading=\"lazy\" decoding=\"async\" width=\"150\" height=\"150\" src=\"https:\/\/centralmedia.rs\/wp-content\/uploads\/2021\/03\/kup-srbije-150x150.jpg\" class=\"attachment-thumbnail size-thumbnail\" alt=\"\" \/><\/a>\n\t\t\t<\/div><\/figure><figure class='gallery-item'>\n\t\t\t<div class='gallery-icon landscape'>\n\t\t\t\t<a href='https:\/\/centralmedia.rs\/index.php\/2021\/03\/15\/palma-jagodina-je-glavni-grad-srpskog-zenskog-rukometa\/palma-23\/'><img loading=\"lazy\" decoding=\"async\" width=\"150\" height=\"150\" src=\"https:\/\/centralmedia.rs\/wp-content\/uploads\/2021\/03\/palma-150x150.jpg\" class=\"attachment-thumbnail size-thumbnail\" alt=\"\" \/><\/a>\n\t\t\t<\/div><\/figure><figure class='gallery-item'>\n\t\t\t<div class='gallery-icon landscape'>\n\t\t\t\t<a href='https:\/\/centralmedia.rs\/index.php\/2021\/03\/15\/palma-jagodina-je-glavni-grad-srpskog-zenskog-rukometa\/palma2-3\/'><img loading=\"lazy\" decoding=\"async\" width=\"150\" height=\"150\" src=\"https:\/\/centralmedia.rs\/wp-content\/uploads\/2021\/03\/palma2-150x150.jpg\" class=\"attachment-thumbnail size-thumbnail\" alt=\"\" \/><\/a>\n\t\t\t<\/div><\/figure><figure class='gallery-item'>\n\t\t\t<div class='gallery-icon landscape'>\n\t\t\t\t<a href='https:\/\/centralmedia.rs\/index.php\/2021\/03\/15\/palma-jagodina-je-glavni-grad-srpskog-zenskog-rukometa\/pehar-2\/'><img loading=\"lazy\" decoding=\"async\" width=\"150\" height=\"150\" src=\"https:\/\/centralmedia.rs\/wp-content\/uploads\/2021\/03\/pehar-150x150.jpg\" class=\"attachment-thumbnail size-thumbnail\" alt=\"\" \/><\/a>\n\t\t\t<\/div><\/figure><figure class='gallery-item'>\n\t\t\t<div class='gallery-icon landscape'>\n\t\t\t\t<a href='https:\/\/centralmedia.rs\/index.php\/2021\/03\/15\/palma-jagodina-je-glavni-grad-srpskog-zenskog-rukometa\/tanja-3\/'><img loading=\"lazy\" decoding=\"async\" width=\"150\" height=\"150\" src=\"https:\/\/centralmedia.rs\/wp-content\/uploads\/2021\/03\/tanja-150x150.jpg\" class=\"attachment-thumbnail size-thumbnail\" alt=\"\" \/><\/a>\n\t\t\t<\/div><\/figure>\n\t\t<\/div>\n\n<p>&#8211; Gledao sam utakmicu i bila je napeta do kraja. Pobedili ste po\u0161teno i niko ne mo\u017ee da vam ospori rezultat. Tako\u0111e, niko ne mo\u017ee da ospori Tanji A\u0161anin da je bila najbolji igra\u010d na finalnom turniru, kao ni golmanu Jeleni \u0110ura\u0161inovi\u0107 da je bila najbolji goman. Mi smo jedini grad u Srbiji, a verovatno i u Evropi gde nema sponzora za sportske klubove. Sve sportove finansira grad Jagodina, a posebno one koji su u Super ligi kao \u0161to je \u017eenski rukomet. I ne samo da finansiramo nego i nagra\u0111ujemo. Mi u gradskoj upravi \u0161tedimo kako bi bilo para i za sport, jer \u017eelimo da se mladi ljudi bave sportom, da ih skrenemo sa lo\u0161eg puta i da im idoli budu na sportskim terenima. Nastavi\u0107emo da vam obezbe\u0111ujemo najbolje uslove za rad, kao i do sada, rekao je Markovi\u0107.<\/p>\n<p>Predsednik \u017dORK Jagodina Aleksandar Miladinovi\u0107 rekao je da \u0107e ovaj klub u\u010diniti sve da osvoji i tre\u0107i put za redom titulu prvaka Srbije i predlo\u017eio da trener Jagodine Dragan Markov zbog svojih uspeha i uspeha celog tima bude progla\u0161en za po\u010dasnog gra\u0111anina grada Jagodine, kao \u0161to je to nekad postao Simo Kruni\u0107 koji je kao trener Fudbalskog kluba Jagodina osvojio Kup Srbije. Dragan Markovi\u0107 Palma je ovaj predlog prihvatio. Trener \u017eenskog rukometnog kluba Jagodina Dragan Markov zahvalio se Draganu Markovi\u0107u Palmi i gradu Jagodini na podr\u0161ci i izneo jedan zanimljiv detalj.<\/p>\n<p>-Predsednik na\u0161eg kluba Aleksandar Miladinovi\u0107 je jedini predsednik nekog sportskog kluba na svetu koji sedi na klupi zajedno sa trenerom i igra\u010dima i pro\u017eivljava sa nama i dobro i lo\u0161e.<\/p>\n<p>Gradu Jagodini su se zahvalili i kapiten tima Jelena Gojkovi\u0107, najbolji igra\u010d finalnog turnira Kupa Srbije u Smederevu Tanja A\u0161anin i najbolji golman Jelena \u0110ura\u0161inovi\u0107.<\/p>\n<p>&nbsp;<\/p>\n","protected":false},"excerpt":{"rendered":"<p>JAGODINA-Predsednik Skup\u0161tine grada Jagodine Dragan Markovi\u0107 Palma danas je primio rukometa\u0161ice, trenera i rukovodstvo \u017denskog omladinskog rukometnog kluba Jagodina, koji je u subotu po drugi &hellip; <\/p>\n","protected":false},"author":2,"featured_media":26290,"comment_status":"open","ping_status":"open","sticky":false,"template":"","format":"standard","meta":{"footnotes":""},"categories":[1524,2,1514,21,12],"tags":[58,1890,540,120,220],"_links":{"self":[{"href":"https:\/\/centralmedia.rs\/index.php\/wp-json\/wp\/v2\/posts\/26289"}],"collection":[{"href":"https:\/\/centralmedia.rs\/index.php\/wp-json\/wp\/v2\/posts"}],"about":[{"href":"https:\/\/centralmedia.rs\/index.php\/wp-json\/wp\/v2\/types\/post"}],"author":[{"embeddable":true,"href":"https:\/\/centralmedia.rs\/index.php\/wp-json\/wp\/v2\/users\/2"}],"replies":[{"embeddable":true,"href":"https:\/\/centralmedia.rs\/index.php\/wp-json\/wp\/v2\/comments?post=26289"}],"version-history":[{"count":1,"href":"https:\/\/centralmedia.rs\/index.php\/wp-json\/wp\/v2\/posts\/26289\/revisions"}],"predecessor-version":[{"id":26299,"href":"https:\/\/centralmedia.rs\/index.php\/wp-json\/wp\/v2\/posts\/26289\/revisions\/26299"}],"wp:featuredmedia":[{"embeddable":true,"href":"https:\/\/centralmedia.rs\/index.php\/wp-json\/wp\/v2\/media\/26290"}],"wp:attachment":[{"href":"https:\/\/centralmedia.rs\/index.php\/wp-json\/wp\/v2\/media?parent=26289"}],"wp:term":[{"taxonomy":"category","embeddable":true,"href":"https:\/\/centralmedia.rs\/index.php\/wp-json\/wp\/v2\/categories?post=26289"},{"taxonomy":"post_tag","embeddable":true,"href":"https:\/\/centralmedia.rs\/index.php\/wp-json\/wp\/v2\/tags?post=26289"}],"curies":[{"name":"wp","href":"https:\/\/api.w.org\/{rel}","templated":true}]}}