{"id":26304,"date":"2021-03-17T15:33:33","date_gmt":"2021-03-17T15:33:33","guid":{"rendered":"http:\/\/centralmedia.rs\/?p=26304"},"modified":"2021-03-25T15:55:50","modified_gmt":"2021-03-25T15:55:50","slug":"palma-da-se-ja-pitam-od-naredne-subote-svadbe-uz-postovanje-epidemioloskih-mera","status":"publish","type":"post","link":"https:\/\/centralmedia.rs\/index.php\/2021\/03\/17\/palma-da-se-ja-pitam-od-naredne-subote-svadbe-uz-postovanje-epidemioloskih-mera\/","title":{"rendered":"PALMA : DA SE JA PITAM OD NAREDNE SUBOTE SVADBE UZ PO\u0160TOVANJE EPIDEMIOLO\u0160KIH MERA"},"content":{"rendered":"<p>\u201eDa se ja pitam ve\u0107 od naredne subote bi dozvolio organizovanje svadbi u Srbiji uz po\u0161tovanje epidemiolo\u0161kih mera. Epidemiolozi procenjuju da \u0107e pandemija korona virusa trajati jo\u0161 dve godine. Mere po\u0161tovati da, ali \u017eivot mora da traje. I zbog toga ja bi otvorio ugostiteljske objekte, da rade uz po\u0161tovanje svih mera, koje podrazumevaju maske i distancu i vratio bi no\u0161enje za\u0161titnih rukavica, jer se virus i preko ruku prenosi. \u0160to se svadbi ti\u010de, vi znate da kod nas ljudi za svadbu gaje jagnje i prase, a sada je to jagnje ve\u0107 ovan koji mo\u017ee da ide samo u kupus. U Srbiji je pro\u0161le godine 50 000 ljudu vi\u0161e umrlo nego \u0161to je ro\u0111eno. Mi ako ovako nastavimo bi\u0107emo vrlo brzo nacionalna manjina u svojoj dr\u017eavi. Bez porodice i bez dece nema \u017eivota, a u Srbiji, posebno u ujutra\u0161njosti, ljudi \u017eive da o\u017eene sina ili udaju \u0107erku\u201c, poru\u010dio je predsednik Jedinstvene Srbije Dragan Markovi\u0107 Palma gostuju\u0107i u Jutarnjem progamu Hepi televizije.<\/p>\n<p>&nbsp;<\/p>\n<p>SVETSKA FARMACEUTSKA MAFIJA DIKTIRA PRAVILA IGRE<\/p>\n<p>&nbsp;<\/p>\n<p>\u201e I \u0161ta ho\u0107e ova Evropska komisija ? Da tra\u017ei neke paso\u0161e kojima \u0107e mo\u0107i da se putuje samo sa nekim vakcinama, a sa drugima ne\u0107e. Pa gde to ima ? Da li mo\u017ee neka vakcina da iza\u0111e iz proizvodnje i iz neke dr\u017eave, a da nije proverena ? Naravno da ne mo\u017ee. I sada su smislili da jedna od tih vakcina ima ozbiljne nus pojave, a to je AstraZeneka. Pre su govorili da neke vakcine ne treba da prime oni koji ho\u0107e da imaju dece. To jednostavno nije ta\u010dno i sve to plasira svetska farmaceutska mafija. Mi jednostavno moramo da se vakcini\u0161emo, ako mislimo da se vratimo u normalan \u017eivot\u201c, smatra Markovi\u0107.<\/p>\n<p>&nbsp;<\/p>\n<p>GDE JE \u201eUKA I BUKA\u201c TU NE DOLAZE INVESTITORI, DOLAZE U SRBIJU KOJA JE STABILNA I SIGURNA<\/p>\n<p>&nbsp;<\/p>\n<p>\u201eJa nikada ne laskam Vu\u010di\u0107u. Nudio mi je da budem ministar, ne trebaju mi ni posao, ni kola, niko iz moje prodice ne radi u dr\u017eavnim preduze\u0107ima i meni ne treba Vu\u010di\u0107 da mi ne\u0161to li\u010dno poma\u017ee, ali mi treba Vu\u010di\u0107 kao predsednik dr\u017eave koja prednja\u010di kao \u0161to danas prednja\u010di Srbija. I zato ga danas napadaju i Crna Gora i Hrvatska i Bosna i Hercegovina. \u0160ta smo mi skrivili Crnoj Gori ? To \u0161to smo ekonomski iznad njih i \u0161to imamo vakcine, a oni nemaju. Oni su \u010dlan NATO pakta, pa neka im donesu bombe i neka se bombama vakcini\u0161u. Tako i Bosna i Hercegovina gde je non stop neka \u201euka i buka\u201c. U takvoj situaciji ne\u0107e da do\u0111u investitori, a u Srbiju dolaze jer je u Srbiji i politi\u010dka stabilnost i ekonomska sigurnost\u201c, ka\u017ee Markovi\u0107.<\/p>\n<p>&nbsp;<\/p>\n<p>JA NISAM ZA NAPADE, JA SAM ZA TAKMI\u010cENJE DELIMA<\/p>\n<p>&nbsp;<\/p>\n<p>\u201eA \u0161to se ti\u010de opozicije u Srbiji nisu ovi iz Evrope glupi. Oni mogu da imaju emocije prema nekom li\u010dno iz opozicije u Srbiji, pa taj neko iz opozicije mo\u017ee da dobije neku kintu od njih za kartu za \u201ebioskop\u201c, a karta \u201eko\u0161ta\u201c oko milion evra. Pa onda ta opozicija stalno napada vlast i svoju dr\u017eavu i \u017eeli da poremeti odnose u Srbiji. Ja nisam za napade, ja sam za takmi\u010denje, da vidimo \u201eprijatelju\u201c \u0161ta su tvoja dela dok si bio i \u0161ta su moja dela dok sam. \u0160ta ti obe\u0107ava\u0161, a \u0161ta ja obe\u0107avam za budu\u0107nost i da li \u0107e gra\u0111ani verovati onome \u0161to obe\u0107ava ili onome \u0161to pokazuje rezultate\u201c, rekao je predsednik Jedinstvene Srbije.<\/p>\n<p>&nbsp;<\/p>\n","protected":false},"excerpt":{"rendered":"<p>\u201eDa se ja pitam ve\u0107 od naredne subote bi dozvolio organizovanje svadbi u Srbiji uz po\u0161tovanje epidemiolo\u0161kih mera. Epidemiolozi procenjuju da \u0107e pandemija korona virusa &hellip; <\/p>\n","protected":false},"author":2,"featured_media":26301,"comment_status":"open","ping_status":"open","sticky":false,"template":"","format":"standard","meta":{"footnotes":""},"categories":[1524,2,1514,13,12],"tags":[4440,120,5048],"_links":{"self":[{"href":"https:\/\/centralmedia.rs\/index.php\/wp-json\/wp\/v2\/posts\/26304"}],"collection":[{"href":"https:\/\/centralmedia.rs\/index.php\/wp-json\/wp\/v2\/posts"}],"about":[{"href":"https:\/\/centralmedia.rs\/index.php\/wp-json\/wp\/v2\/types\/post"}],"author":[{"embeddable":true,"href":"https:\/\/centralmedia.rs\/index.php\/wp-json\/wp\/v2\/users\/2"}],"replies":[{"embeddable":true,"href":"https:\/\/centralmedia.rs\/index.php\/wp-json\/wp\/v2\/comments?post=26304"}],"version-history":[{"count":1,"href":"https:\/\/centralmedia.rs\/index.php\/wp-json\/wp\/v2\/posts\/26304\/revisions"}],"predecessor-version":[{"id":26305,"href":"https:\/\/centralmedia.rs\/index.php\/wp-json\/wp\/v2\/posts\/26304\/revisions\/26305"}],"wp:featuredmedia":[{"embeddable":true,"href":"https:\/\/centralmedia.rs\/index.php\/wp-json\/wp\/v2\/media\/26301"}],"wp:attachment":[{"href":"https:\/\/centralmedia.rs\/index.php\/wp-json\/wp\/v2\/media?parent=26304"}],"wp:term":[{"taxonomy":"category","embeddable":true,"href":"https:\/\/centralmedia.rs\/index.php\/wp-json\/wp\/v2\/categories?post=26304"},{"taxonomy":"post_tag","embeddable":true,"href":"https:\/\/centralmedia.rs\/index.php\/wp-json\/wp\/v2\/tags?post=26304"}],"curies":[{"name":"wp","href":"https:\/\/api.w.org\/{rel}","templated":true}]}}