{"id":26306,"date":"2021-03-17T15:36:31","date_gmt":"2021-03-17T15:36:31","guid":{"rendered":"http:\/\/centralmedia.rs\/?p=26306"},"modified":"2021-03-25T15:52:02","modified_gmt":"2021-03-25T15:52:02","slug":"odrzana-7-sednica-skupstine-opstine-svilajnac","status":"publish","type":"post","link":"https:\/\/centralmedia.rs\/index.php\/2021\/03\/17\/odrzana-7-sednica-skupstine-opstine-svilajnac\/","title":{"rendered":"ODR\u017dANA 7. SEDNICA SKUP\u0160TINE OP\u0160TINE SVILAJNAC"},"content":{"rendered":"<p>SVILAJNAC-Danas je u sali Centra za kulturu odr\u017eana 7. sednica SO Svilajnac, kojoj je prisustvovalo 29 odbornika, a na dnevnom redu bile su 23 ta\u010dke. Usvojeni su Operativni plan odbrane od poplava za vode II reda i Godi\u0161nji program mera i radova na smanjenju rizika od poplava na teritoriji op\u0161tine Svilajnac, kao i Izve\u0161taji o radu za 2020. godinu \u201cResavske biblioteke\u201d, Centra za kulturu, Centra za socijalni rad \u201eSvilajnac\u201c, Centra za brigu o starima, deci i osobama sa invaliditetom, \u0160taba za vanredne situacije, Crvenog krsta Svilajnac i PU \u201eDe\u010dja radost\u201c Svilajnac.<\/p>\n<p>Odbornik opozicije GG \u201cZa bolji Svilajnac\u201d imao je sugestije i kritike na Izve\u0161taje o radu Resavske biblioteke i Centra za kulturu.<\/p>\n<p>Predsednik op\u0161tine Svilajnac Predrag Milanovi\u0107 je u zavr\u0161nom obra\u0107anju predstavio odbornicima i javnosti trenutnu situaciju sa epidemijom Covida 19, i pozvao gra\u0111ane da se prijave za vakcinaciju. Osim toga, predstavio je i najve\u0107e projekte koji su zavr\u0161eni ili planirani za naredni period.<\/p>\n<p>-Zavr\u0161ena je kotlarnica na biomasu i u toku je njeno testiranje, u ovom trenutku ona greje Osnovnu \u0161kolu i deo Poljoprivredno-veterinarske \u0161kole, dok nakon probnog perioda, od 15 dana, planiramo da priklju\u010dimo i Dom zdravlja. Ono \u0161to nas u narednoj godini o\u010dekuje je jedan od najve\u0107ih infrastrukturnih projekata, naime Vlada Republike Srbije opredelila je 50 miliona evra za izgradnju kanalizacione mre\u017ee i postrojenja za pre\u010di\u0161\u0107avanje otpadnih voda u na\u0161oj op\u0161tini. Pored toga, u narednim danima bi\u0107e raspisan i tender za rekonstrukciju puta Svilajnac-Despotovac, kao i tender za izgradnju sistema za navodnjavanje u Resavskoj celini. Kompanija Regent preselila se u novi objekat povr\u0161ine 6.500 kvadrata, kompanija A200 dobila upotrebnu dozvolu i po\u010dinje sa radom u re\u017eimu Slobodne zone Svilajnac, dok fabrika Alfa Tehnics gradi novi objekat od 7.000 kvdrata \u201d, rekao je izme\u0111u ostalog Milanovi\u0107.<\/p>\n<p>Sednica je zapo\u010deta minutom \u0107utanja u znak se\u0107anja na preminulu odbornicu Vericu Lazarevi\u0107.<\/p>\n<p>&nbsp;<\/p>\n","protected":false},"excerpt":{"rendered":"<p>SVILAJNAC-Danas je u sali Centra za kulturu odr\u017eana 7. sednica SO Svilajnac, kojoj je prisustvovalo 29 odbornika, a na dnevnom redu bile su 23 ta\u010dke. &hellip; <\/p>\n","protected":false},"author":2,"featured_media":26307,"comment_status":"open","ping_status":"open","sticky":false,"template":"","format":"standard","meta":{"footnotes":""},"categories":[1524,2,13,12,1517],"tags":[216,3613,38],"_links":{"self":[{"href":"https:\/\/centralmedia.rs\/index.php\/wp-json\/wp\/v2\/posts\/26306"}],"collection":[{"href":"https:\/\/centralmedia.rs\/index.php\/wp-json\/wp\/v2\/posts"}],"about":[{"href":"https:\/\/centralmedia.rs\/index.php\/wp-json\/wp\/v2\/types\/post"}],"author":[{"embeddable":true,"href":"https:\/\/centralmedia.rs\/index.php\/wp-json\/wp\/v2\/users\/2"}],"replies":[{"embeddable":true,"href":"https:\/\/centralmedia.rs\/index.php\/wp-json\/wp\/v2\/comments?post=26306"}],"version-history":[{"count":2,"href":"https:\/\/centralmedia.rs\/index.php\/wp-json\/wp\/v2\/posts\/26306\/revisions"}],"predecessor-version":[{"id":26309,"href":"https:\/\/centralmedia.rs\/index.php\/wp-json\/wp\/v2\/posts\/26306\/revisions\/26309"}],"wp:featuredmedia":[{"embeddable":true,"href":"https:\/\/centralmedia.rs\/index.php\/wp-json\/wp\/v2\/media\/26307"}],"wp:attachment":[{"href":"https:\/\/centralmedia.rs\/index.php\/wp-json\/wp\/v2\/media?parent=26306"}],"wp:term":[{"taxonomy":"category","embeddable":true,"href":"https:\/\/centralmedia.rs\/index.php\/wp-json\/wp\/v2\/categories?post=26306"},{"taxonomy":"post_tag","embeddable":true,"href":"https:\/\/centralmedia.rs\/index.php\/wp-json\/wp\/v2\/tags?post=26306"}],"curies":[{"name":"wp","href":"https:\/\/api.w.org\/{rel}","templated":true}]}}