{"id":26329,"date":"2021-03-17T16:15:38","date_gmt":"2021-03-17T16:15:38","guid":{"rendered":"http:\/\/centralmedia.rs\/?p=26329"},"modified":"2021-03-25T15:54:58","modified_gmt":"2021-03-25T15:54:58","slug":"druga-faza-radova-na-skoli-u-sikirici","status":"publish","type":"post","link":"https:\/\/centralmedia.rs\/index.php\/2021\/03\/17\/druga-faza-radova-na-skoli-u-sikirici\/","title":{"rendered":"DRUGA FAZA RADOVA NA \u0160KOLI U SIKIRICI"},"content":{"rendered":"<p>PARA\u0106IN-Posle zavr\u0161etka prve faze radova na sikri\u010dkoj \u0161koli odra\u0111ene pro\u0161le godine, po\u010dela je realizacija druge faze radova, koja obuhvata unutra\u0161nje radove u objektima, postavljanje novih ravnaju\u0107ih slojeva, podova i plafona. Predhodno je postavljena nova izolacija na svim \u0161kolskim objektima i fiskulturnoj sali, nova stolarija, nova elektro mre\u017ea, obavljeni su radovi na novom sistemu za grejanje, koje \u0107e od sada biti na gas i novi mokri \u010dvorovi. Rekonstrukcija \u0161kole u Sikirici deo je donacije \u0161vajcarske Vlade. Rok za zavr\u0161etak druge faze radova je 1. maj. U\u010denici te \u0161kole trenutno nastavu poha\u0111aju onlajn, a ina\u010de dok traju radovi u njihovoj mati\u010dnoj \u0161koli oni idu u izdvojena odeljenja ove \u0161kole u Rataru i Gornjem Vidovu, uz obezbe\u0111en prevoz, ka\u017ee direktorka Slavica Vuli\u0107.<\/p>\n","protected":false},"excerpt":{"rendered":"<p>PARA\u0106IN-Posle zavr\u0161etka prve faze radova na sikri\u010dkoj \u0161koli odra\u0111ene pro\u0161le godine, po\u010dela je realizacija druge faze radova, koja obuhvata unutra\u0161nje radove u objektima, postavljanje novih &hellip; <\/p>\n","protected":false},"author":2,"featured_media":25806,"comment_status":"open","ping_status":"open","sticky":false,"template":"","format":"standard","meta":{"footnotes":""},"categories":[14,1524,2,1516,12],"tags":[328,4648,497,3333],"_links":{"self":[{"href":"https:\/\/centralmedia.rs\/index.php\/wp-json\/wp\/v2\/posts\/26329"}],"collection":[{"href":"https:\/\/centralmedia.rs\/index.php\/wp-json\/wp\/v2\/posts"}],"about":[{"href":"https:\/\/centralmedia.rs\/index.php\/wp-json\/wp\/v2\/types\/post"}],"author":[{"embeddable":true,"href":"https:\/\/centralmedia.rs\/index.php\/wp-json\/wp\/v2\/users\/2"}],"replies":[{"embeddable":true,"href":"https:\/\/centralmedia.rs\/index.php\/wp-json\/wp\/v2\/comments?post=26329"}],"version-history":[{"count":1,"href":"https:\/\/centralmedia.rs\/index.php\/wp-json\/wp\/v2\/posts\/26329\/revisions"}],"predecessor-version":[{"id":26330,"href":"https:\/\/centralmedia.rs\/index.php\/wp-json\/wp\/v2\/posts\/26329\/revisions\/26330"}],"wp:featuredmedia":[{"embeddable":true,"href":"https:\/\/centralmedia.rs\/index.php\/wp-json\/wp\/v2\/media\/25806"}],"wp:attachment":[{"href":"https:\/\/centralmedia.rs\/index.php\/wp-json\/wp\/v2\/media?parent=26329"}],"wp:term":[{"taxonomy":"category","embeddable":true,"href":"https:\/\/centralmedia.rs\/index.php\/wp-json\/wp\/v2\/categories?post=26329"},{"taxonomy":"post_tag","embeddable":true,"href":"https:\/\/centralmedia.rs\/index.php\/wp-json\/wp\/v2\/tags?post=26329"}],"curies":[{"name":"wp","href":"https:\/\/api.w.org\/{rel}","templated":true}]}}