{"id":2633,"date":"2016-04-06T07:52:59","date_gmt":"2016-04-06T07:52:59","guid":{"rendered":"http:\/\/centralmedia.rs\/?p=2633"},"modified":"2016-04-06T07:52:59","modified_gmt":"2016-04-06T07:52:59","slug":"treci-strucni-skup-pomoravskih-prosvetnih-radnika","status":"publish","type":"post","link":"https:\/\/centralmedia.rs\/index.php\/2016\/04\/06\/treci-strucni-skup-pomoravskih-prosvetnih-radnika\/","title":{"rendered":"TRE\u0106I STRU\u010cNI SKUP POMORAVSKIH PROSVETNIH RADNIKA"},"content":{"rendered":"<p>JAGODINA-Tre\u0107i po redu stru\u010dni  skup nastavnika i stru\u010dnih saradnika odr\u017ean pro\u0161log \u010detvrtka u amfiteatru Fakulteta pedago\u0161kih nauka u Jagodini. U\u010desnici su se bavili problemom osna\u017eivanja u\u010denika za izbor budu\u0107eg zanimanja i puteva karijere.<br \/>\n Ovom temom nastavljen je ciklus stru\u010dnih skupova koji je rezultat dogovora \u0160kolske uprave Jagodina, Fakulteta pedago\u0161kih nauka Univerziteta u Kragujevcu, Kolegijuma direktora osnovnih \u0161kola Pomoravlja i tima za \u0161kolu ve\u017ebaonicu O\u0160 \u201eRada Miljkovi\u0107\u201c iz Jagodine.<br \/>\nStudent Fakulteta pedago\u0161kih nauka Milan Komnenovi\u0107 predstavio je svoj istra\u017eiva\u010dki rad ,,Profesionalna orijentacija u\u010denika u funkciji njihovog daljeg obrazovanja\u201c. Biljana Stojanovi\u0107, docent Fakulteta pedago\u0161kih nauka, naglasila je da prosvetni radnici moraju sami izgraditi svoj profesionalni identitet i samopo\u0161tovanje, jer su mnoge profesije neadekvatno tretirane u na\u0161em dana\u0161njem dru\u0161tvu i da ne mo\u017eemo o\u010dekivati ni od dr\u017eave ni od dru\u0161tva da valorizuje rad u\u010ditelja, nastavnika i profesora.<br \/>\nMarijana  Stevanovi\u0107, psiholog u Nacionalnoj slu\u017ebi za zapo\u0161ljavanje u Jagodini, predstavila je Vodi\u010d za osnovce, priru\u010dnik NSZ  Srbije za pomo\u0107 nastavnicima i u\u010denicima-osnovcima na putu izbora svoje budu\u0107e \u0161kole i zanimanja. O profesionalnoj orijentaciji u \u0161kolama kao obavezuju\u0107em delu \u0161kolskog programa i u osnovnoj i srednjoj \u0161koli govorile su Ljubica Joki\u0107, pedagog iz O\u0160 \u201eMilan Mijalkovi\u0107\u201c, Valerija \u017divkovi\u0107, psiholog u  \u0161koli ve\u017ebaonici \u201eRada Miljkovi\u0107\u201c i profesorka matematike Sne\u017eana Markovi\u0107. U\u010diteljica Vesna Manojlovi\u0107 predstavila je aktivnost \u201eZanimanja na putu od njive do trpeze\u201c koju su realizovali njeni u\u010denici u saradnji sa u\u010diteljicom i roditeljima. Zavr\u0161nu re\u010d dao  je Vladimir Stanojevi\u0107, koordinator prakse na Fakultetu pedago\u0161kih nauka. On je i najavio  temu  za naredni stru\u010dni skup u aprilu:  Razvijanje  ekolo\u0161ke kompetencije u\u010denika kroz integrisan pristup nastavi.<br \/>\n FPN<\/p>\n","protected":false},"excerpt":{"rendered":"<p>JAGODINA-Tre\u0107i po redu stru\u010dni skup nastavnika i stru\u010dnih saradnika odr\u017ean pro\u0161log \u010detvrtka u amfiteatru Fakulteta pedago\u0161kih nauka u Jagodini. U\u010desnici su se bavili problemom osna\u017eivanja &hellip; <\/p>\n","protected":false},"author":4,"featured_media":2634,"comment_status":"open","ping_status":"open","sticky":false,"template":"","format":"standard","meta":{"footnotes":""},"categories":[14,2,12],"tags":[269,58,682],"_links":{"self":[{"href":"https:\/\/centralmedia.rs\/index.php\/wp-json\/wp\/v2\/posts\/2633"}],"collection":[{"href":"https:\/\/centralmedia.rs\/index.php\/wp-json\/wp\/v2\/posts"}],"about":[{"href":"https:\/\/centralmedia.rs\/index.php\/wp-json\/wp\/v2\/types\/post"}],"author":[{"embeddable":true,"href":"https:\/\/centralmedia.rs\/index.php\/wp-json\/wp\/v2\/users\/4"}],"replies":[{"embeddable":true,"href":"https:\/\/centralmedia.rs\/index.php\/wp-json\/wp\/v2\/comments?post=2633"}],"version-history":[{"count":0,"href":"https:\/\/centralmedia.rs\/index.php\/wp-json\/wp\/v2\/posts\/2633\/revisions"}],"wp:featuredmedia":[{"embeddable":true,"href":"https:\/\/centralmedia.rs\/index.php\/wp-json\/wp\/v2\/media\/2634"}],"wp:attachment":[{"href":"https:\/\/centralmedia.rs\/index.php\/wp-json\/wp\/v2\/media?parent=2633"}],"wp:term":[{"taxonomy":"category","embeddable":true,"href":"https:\/\/centralmedia.rs\/index.php\/wp-json\/wp\/v2\/categories?post=2633"},{"taxonomy":"post_tag","embeddable":true,"href":"https:\/\/centralmedia.rs\/index.php\/wp-json\/wp\/v2\/tags?post=2633"}],"curies":[{"name":"wp","href":"https:\/\/api.w.org\/{rel}","templated":true}]}}