{"id":26331,"date":"2021-03-17T16:19:47","date_gmt":"2021-03-17T16:19:47","guid":{"rendered":"http:\/\/centralmedia.rs\/?p=26331"},"modified":"2021-03-25T15:55:05","modified_gmt":"2021-03-25T15:55:05","slug":"saopstenje-uo-odbojkaskog-kluba-borac","status":"publish","type":"post","link":"https:\/\/centralmedia.rs\/index.php\/2021\/03\/17\/saopstenje-uo-odbojkaskog-kluba-borac\/","title":{"rendered":"SAOP\u0160TENJE UO ODBOJKA\u0160KOG KLUBA BORAC"},"content":{"rendered":"<p>PARA\u0106IN-Nakon odluke SO Para\u0107in, od 9. marta ove godine, kojom su opredeljena sredstva za realizovanje godi\u0161njih programa organizacija u oblasti sporta i tekstova koji su se tim povodom pojavili u medijima i na portalima, Upravni odbor Odbojka\u0161kog kluba &#8220;Borac&#8221; izdao je saop\u0161tenje za javnost, u kome se ka\u017ee da je ta\u010dno da je pro\u0161logodi\u0161njom odlukom Skup\u0161tine ovom klubu dodeljeno 4 miliona dinara iz op\u0161tinskog bud\u017eeta. U 2020. godini seniorska ekipa se u prole\u0107nom delu sezone takmi\u010dila u okviru Prve &#8220;B&#8221; lige, a dva kola pre kraja prvenstva, kada je ono prekinuto zbog pandemije KOVID-19, zauzimala 1. mesto na tabeli. Nakon odluke Odbojka\u0161kog saveza Srbije o okon\u010danju takmi\u010denja, odbojka\u0161i &#8220;Borca&#8221; plasirali su se u Prvu ligu Srbije, u kojoj se takmi\u010dila u sezoni 2020\/2021. Uvidom u bilanse klubova, koji su u ovom rangu takmi\u010denja, koji su javno objavljeni na sajtu APR-a mo\u017ee se videti koliki su prihodi neophodni za ovaj rang takmi\u010denja i u tom smislu bud\u017eet para\u0107inskog kluba je me\u0111u najmanjima. Sve to jasno ukazuje da sredstva opredeljena za ovu godinu, u situaciji kada prihodi iz javnih sredstava \u010dine preko 90% ukupnih prihoda kluba, nisu dovoljna za takmi\u010denje u Prvoj ligi Srbije, u ovoj sezoni. Sa tom \u010dinjenicom su upoznati i nadle\u017eni organi op\u0161tinske vlasti.<\/p>\n<p>Upravni odbor OK &#8220;Borac&#8221;, navodi u saop\u0161tenju da ga\u0161enje kluba nije u planu, niti je tema, da bilo kakav \u0161trajk ili protest igra\u010da na utakmici u nedelju nije u planu, niti je mogu\u0107, jer prvi tim nema zakazanu utakmicu za nedelju. Opredeljena sredstva za ovu godinu, uz sredstva koja su klubu dodeljena od strane Vlade Srbije, preko Ministarstva sporta i Odbojka\u0161kog saveza Srbije, dovoljna su da se uspe\u0161no okon\u010da teku\u0107a sezona, koja se zavr\u0161ava 30. juna i u potpunosti izmire obaveze prema igra\u010dima i trenerima po trenutno va\u017ee\u0107im ugovorima. &#8220;Smatramo da je partnerski odnos sa organima lokalne samouprave i nadle\u017enim savezima preduslov za uspe\u0161an rad svakog sportskog kolektiva. U tom smislu \u017eelimo da istaknemo da je UO kluba strate\u0161ki opredeljen ka uspostavljanju takvih odnosa i da se nada da \u0107e u saradnji sa organima lokalne vlasti u narednom periodu, najkasnije do po\u010detka redovnog prelaznog roka, u julu ove godine, uspeti da prona\u0111e na\u010din da se obezbede nedostaju\u0107a sredstva i zaokru\u017ei finansijska konstrukcija za sezonu 2021\/2022.&#8221;, navodi se u saop\u0161tenju.<\/p>\n<p>Ta\u010dno je da je do\u0161lo do promene uprave kluba, koje su nastale kao rezultat redovnog izbornog procesa, usled isteka mandata prethodne uprave. Dokaz za to je i \u010dinjenica da je izbor sada\u0161njeg predsednika izvr\u0161en na predlog prethodnog, kome je istekao mandat. Promena je predmet registracije kod APR-a, u skladu sa Zakonom o sportu, za \u0161ta je neophodno odraditi odre\u0111ene administrativne radnje, \u0161to je jedini razlog za\u0161to ta promena jo\u0161 uvek nije javno objavljena.<\/p>\n<p>Upravni odbor kluba ovim saop\u0161tenjem demantuje informacije da je na \u010dlanove vr\u0161en pritisak u vezi odabira stru\u010dnog \u0161taba i igra\u010dkog kadra i navodi da je &#8220;odbojka timski sport pa u tom smislu smatra da nije primereno kvalifikovati igra\u010de i progla\u0161avati pojedince kao &#8220;najbolje&#8221;&#8221;. Sastav prvog tima uslovljen je mnogim faktorima, a jedino merilo kojim se igra\u010d mo\u017ee kvalifikovati za poziciju u prvom timu je koliko doprinosi ostvarivanju timskih ciljeva, te da nikakvi spoljni pritisci ne mogu uticati na odabir \u010dlanova tima&#8221;.<\/p>\n<p>Upravni odbor OK &#8220;Borac&#8221; se zahvaljuje \u010diniocima prethodne vlasti koji su podr\u017eali rad kluba i moli da ne zloupotrebljavaju klub u politi\u010dke svrhe i koriste ga kao sredstvo za politi\u010dke obra\u010dune. Odbojka\u0161ki klub &#8220;Borac&#8221; se ogra\u0111uje od ranijih aktivnosti pojedinaca, kojima je klub doveden u politi\u010dki kontekst i apeluje na \u010dlanove kluba da u svojim aktivnostima budu posebno oprezni kako se klub ne bi zloupotrebio u politi\u010dkom smislu, navodi se u saop\u0161tenju Upravnog odbora Odbojka\u0161kog kluba &#8220;Borac&#8221;, koje potpisuje predsednik, Tomica Petrovi\u0107.<\/p>\n","protected":false},"excerpt":{"rendered":"<p>PARA\u0106IN-Nakon odluke SO Para\u0107in, od 9. marta ove godine, kojom su opredeljena sredstva za realizovanje godi\u0161njih programa organizacija u oblasti sporta i tekstova koji su &hellip; <\/p>\n","protected":false},"author":2,"featured_media":21492,"comment_status":"open","ping_status":"open","sticky":false,"template":"","format":"standard","meta":{"footnotes":""},"categories":[1524,2,1516,21,12],"tags":[5051,720],"_links":{"self":[{"href":"https:\/\/centralmedia.rs\/index.php\/wp-json\/wp\/v2\/posts\/26331"}],"collection":[{"href":"https:\/\/centralmedia.rs\/index.php\/wp-json\/wp\/v2\/posts"}],"about":[{"href":"https:\/\/centralmedia.rs\/index.php\/wp-json\/wp\/v2\/types\/post"}],"author":[{"embeddable":true,"href":"https:\/\/centralmedia.rs\/index.php\/wp-json\/wp\/v2\/users\/2"}],"replies":[{"embeddable":true,"href":"https:\/\/centralmedia.rs\/index.php\/wp-json\/wp\/v2\/comments?post=26331"}],"version-history":[{"count":1,"href":"https:\/\/centralmedia.rs\/index.php\/wp-json\/wp\/v2\/posts\/26331\/revisions"}],"predecessor-version":[{"id":26332,"href":"https:\/\/centralmedia.rs\/index.php\/wp-json\/wp\/v2\/posts\/26331\/revisions\/26332"}],"wp:featuredmedia":[{"embeddable":true,"href":"https:\/\/centralmedia.rs\/index.php\/wp-json\/wp\/v2\/media\/21492"}],"wp:attachment":[{"href":"https:\/\/centralmedia.rs\/index.php\/wp-json\/wp\/v2\/media?parent=26331"}],"wp:term":[{"taxonomy":"category","embeddable":true,"href":"https:\/\/centralmedia.rs\/index.php\/wp-json\/wp\/v2\/categories?post=26331"},{"taxonomy":"post_tag","embeddable":true,"href":"https:\/\/centralmedia.rs\/index.php\/wp-json\/wp\/v2\/tags?post=26331"}],"curies":[{"name":"wp","href":"https:\/\/api.w.org\/{rel}","templated":true}]}}