{"id":26378,"date":"2021-03-25T15:17:46","date_gmt":"2021-03-25T15:17:46","guid":{"rendered":"http:\/\/centralmedia.rs\/?p=26378"},"modified":"2021-04-02T09:50:13","modified_gmt":"2021-04-02T09:50:13","slug":"saopstenje-kjp-morava-iz-svilajnca","status":"publish","type":"post","link":"https:\/\/centralmedia.rs\/index.php\/2021\/03\/25\/saopstenje-kjp-morava-iz-svilajnca\/","title":{"rendered":"SAOP\u0160TENJE KJP ,,MORAVA\u201d IZ SVILAJNCA"},"content":{"rendered":"<p>SVILAJNAC-Povodom saop\u0161tenja Op\u0161tinskog odbora Srpske napredne stranke Svilajnac, u kom je navedeno da Komunalno javno preduze\u0107e \u201cMorava\u201d nije pove\u0107alo plate zaposlenima u proteklih 17 godina, da je \u201cdovedeno do ivice finansijske propasti\u201d i da je to razlog zbog kog ovo preduze\u0107e potra\u017euje zaostala dugovanja, oglasio se direktor KJP \u201cMorava\u201d Svilajnac Goran Boji\u0107, koji je rekao da mu je, pre svega, \u017eao \u0161to je taj tekst uznemirio gra\u0111ane Svilajnca koji godinama imaju veliko poverenje u ovo preduze\u0107e:<\/p>\n<p>\u201cObjavljene su te pau\u0161alne ocene, pa moram da ka\u017eem i zbog zaposlenih i svih gra\u0111ana op\u0161tine Svilajnac, da mi zarade kao i sve ostale obaveze ispla\u0107ujemo redovno. Pro\u0161le godine u januaru podigli smo zarade preko regresa, a ove godine, u skladu sa zakonskom regulativom, podigli smo zarade u januaru, podi\u0107i \u0107emo ih i u aprilu i to je tempo koji ne zavisi samo od nas. Imali smo Zakon o privremenom regulisanju koeficijenata na zarade i druga primanja koji je va\u017eio do pro\u0161le godine, koji je onemogu\u0107avao podizanje plata u celom javnom sektoru. Smernicama za pripremu programa poslovanja javnih preduze\u0107a, koje svake godine donosi Vlada RS, ta\u010dno su odre\u0111eni limiti kada se govori, izme\u0111u ostalog, i o zaradama u javnim preduze\u0107ima. Pitanje zarada nije pau\u0161alna odluka direktora, ve\u0107 je to pitanje regulisano zakonom i podzakonskim aktima. Tako\u0111e, 2018. godine, imali smo dr\u017eavnu reviziju koja je obavila kontrolu i nije imala nijednu primedbu, ali je dala instrukciju da moramo da naplatimo potra\u017eivanja, i ovim putem zahvaljujemo na\u0161im gra\u0111anima koji redovno pla\u0107aju svoje obaveze. Moramo da uzmemo u obzir i tri meseca vanrednog stanja pro\u0161le godine, kada je i do\u0161lo do pojedinih ka\u0161njenja u pla\u0107anjima, pa smo primorani da preduzmemo sve zakonske aktivnosti tim povodom. Pozivam gra\u0111ane da se klonimo politi\u010dkih manipulacija, da radimo svoj posao, da na\u0161 grad bude i dalje naj\u010distiji u Srbiji i da svi izvr\u0161avamo svoje obaveze u skladu sa zakonom\u201c &#8211; izjavio je Boji\u0107 i poru\u010dio svim gra\u0111anima da i dalje mogu imati poverenje u KJP \u201eMorava\u201c, jer to nije mesto gde treba da se vodi politika.<\/p>\n","protected":false},"excerpt":{"rendered":"<p>SVILAJNAC-Povodom saop\u0161tenja Op\u0161tinskog odbora Srpske napredne stranke Svilajnac, u kom je navedeno da Komunalno javno preduze\u0107e \u201cMorava\u201d nije pove\u0107alo plate zaposlenima u proteklih 17 godina, &hellip; <\/p>\n","protected":false},"author":2,"featured_media":26379,"comment_status":"open","ping_status":"open","sticky":false,"template":"","format":"standard","meta":{"footnotes":""},"categories":[14,1524,2,12,1517],"tags":[5063,720,136,38],"_links":{"self":[{"href":"https:\/\/centralmedia.rs\/index.php\/wp-json\/wp\/v2\/posts\/26378"}],"collection":[{"href":"https:\/\/centralmedia.rs\/index.php\/wp-json\/wp\/v2\/posts"}],"about":[{"href":"https:\/\/centralmedia.rs\/index.php\/wp-json\/wp\/v2\/types\/post"}],"author":[{"embeddable":true,"href":"https:\/\/centralmedia.rs\/index.php\/wp-json\/wp\/v2\/users\/2"}],"replies":[{"embeddable":true,"href":"https:\/\/centralmedia.rs\/index.php\/wp-json\/wp\/v2\/comments?post=26378"}],"version-history":[{"count":1,"href":"https:\/\/centralmedia.rs\/index.php\/wp-json\/wp\/v2\/posts\/26378\/revisions"}],"predecessor-version":[{"id":26380,"href":"https:\/\/centralmedia.rs\/index.php\/wp-json\/wp\/v2\/posts\/26378\/revisions\/26380"}],"wp:featuredmedia":[{"embeddable":true,"href":"https:\/\/centralmedia.rs\/index.php\/wp-json\/wp\/v2\/media\/26379"}],"wp:attachment":[{"href":"https:\/\/centralmedia.rs\/index.php\/wp-json\/wp\/v2\/media?parent=26378"}],"wp:term":[{"taxonomy":"category","embeddable":true,"href":"https:\/\/centralmedia.rs\/index.php\/wp-json\/wp\/v2\/categories?post=26378"},{"taxonomy":"post_tag","embeddable":true,"href":"https:\/\/centralmedia.rs\/index.php\/wp-json\/wp\/v2\/tags?post=26378"}],"curies":[{"name":"wp","href":"https:\/\/api.w.org\/{rel}","templated":true}]}}