{"id":26387,"date":"2021-03-25T15:48:09","date_gmt":"2021-03-25T15:48:09","guid":{"rendered":"http:\/\/centralmedia.rs\/?p=26387"},"modified":"2021-04-02T09:50:38","modified_gmt":"2021-04-02T09:50:38","slug":"regulacija-potoka-u-ostrikovcu","status":"publish","type":"post","link":"https:\/\/centralmedia.rs\/index.php\/2021\/03\/25\/regulacija-potoka-u-ostrikovcu\/","title":{"rendered":"REGULACIJA POTOKA U OSTRIKOVCU"},"content":{"rendered":"<p>\u0106UPRIJA- Potpisan je ugovor izme\u0111u Ministarstva dr\u017eavne uprave i lokalne samouprave i Op\u0161tine \u0106uprija, vredan 3,7 miliona dinara, za regulaciju Ostrikova\u010dkog potoka. Uskoro po\u010dinju radovi i ovakvi prizori bi\u0107e pro\u0161lost.<\/p>\n<div id='gallery-1' class='gallery galleryid-26387 gallery-columns-3 gallery-size-full'><figure class='gallery-item'>\n\t\t\t<div class='gallery-icon landscape'>\n\t\t\t\t<a href='https:\/\/centralmedia.rs\/index.php\/2021\/03\/25\/regulacija-potoka-u-ostrikovcu\/osrtikovac1\/'><img loading=\"lazy\" decoding=\"async\" width=\"2048\" height=\"1368\" src=\"https:\/\/centralmedia.rs\/wp-content\/uploads\/2021\/03\/osrtikovac1.jpg\" class=\"attachment-full size-full\" alt=\"\" srcset=\"https:\/\/centralmedia.rs\/wp-content\/uploads\/2021\/03\/osrtikovac1.jpg 2048w, https:\/\/centralmedia.rs\/wp-content\/uploads\/2021\/03\/osrtikovac1-300x200.jpg 300w, https:\/\/centralmedia.rs\/wp-content\/uploads\/2021\/03\/osrtikovac1-768x513.jpg 768w, https:\/\/centralmedia.rs\/wp-content\/uploads\/2021\/03\/osrtikovac1-1024x684.jpg 1024w, https:\/\/centralmedia.rs\/wp-content\/uploads\/2021\/03\/osrtikovac1-629x420.jpg 629w, https:\/\/centralmedia.rs\/wp-content\/uploads\/2021\/03\/osrtikovac1-537x360.jpg 537w, https:\/\/centralmedia.rs\/wp-content\/uploads\/2021\/03\/osrtikovac1-640x428.jpg 640w, https:\/\/centralmedia.rs\/wp-content\/uploads\/2021\/03\/osrtikovac1-681x455.jpg 681w\" sizes=\"(max-width: 2048px) 100vw, 2048px\" \/><\/a>\n\t\t\t<\/div><\/figure><figure class='gallery-item'>\n\t\t\t<div class='gallery-icon landscape'>\n\t\t\t\t<a href='https:\/\/centralmedia.rs\/index.php\/2021\/03\/25\/regulacija-potoka-u-ostrikovcu\/osrtikovac2\/'><img loading=\"lazy\" decoding=\"async\" width=\"2048\" height=\"1368\" src=\"https:\/\/centralmedia.rs\/wp-content\/uploads\/2021\/03\/osrtikovac2.jpg\" class=\"attachment-full size-full\" alt=\"\" srcset=\"https:\/\/centralmedia.rs\/wp-content\/uploads\/2021\/03\/osrtikovac2.jpg 2048w, https:\/\/centralmedia.rs\/wp-content\/uploads\/2021\/03\/osrtikovac2-300x200.jpg 300w, https:\/\/centralmedia.rs\/wp-content\/uploads\/2021\/03\/osrtikovac2-768x513.jpg 768w, https:\/\/centralmedia.rs\/wp-content\/uploads\/2021\/03\/osrtikovac2-1024x684.jpg 1024w, https:\/\/centralmedia.rs\/wp-content\/uploads\/2021\/03\/osrtikovac2-629x420.jpg 629w, https:\/\/centralmedia.rs\/wp-content\/uploads\/2021\/03\/osrtikovac2-537x360.jpg 537w, https:\/\/centralmedia.rs\/wp-content\/uploads\/2021\/03\/osrtikovac2-640x428.jpg 640w, https:\/\/centralmedia.rs\/wp-content\/uploads\/2021\/03\/osrtikovac2-681x455.jpg 681w\" sizes=\"(max-width: 2048px) 100vw, 2048px\" \/><\/a>\n\t\t\t<\/div><\/figure><figure class='gallery-item'>\n\t\t\t<div class='gallery-icon landscape'>\n\t\t\t\t<a href='https:\/\/centralmedia.rs\/index.php\/2021\/03\/25\/regulacija-potoka-u-ostrikovcu\/ostrikovac\/'><img loading=\"lazy\" decoding=\"async\" width=\"2048\" height=\"1368\" src=\"https:\/\/centralmedia.rs\/wp-content\/uploads\/2021\/03\/ostrikovac.jpg\" class=\"attachment-full size-full\" alt=\"\" srcset=\"https:\/\/centralmedia.rs\/wp-content\/uploads\/2021\/03\/ostrikovac.jpg 2048w, https:\/\/centralmedia.rs\/wp-content\/uploads\/2021\/03\/ostrikovac-300x200.jpg 300w, https:\/\/centralmedia.rs\/wp-content\/uploads\/2021\/03\/ostrikovac-768x513.jpg 768w, https:\/\/centralmedia.rs\/wp-content\/uploads\/2021\/03\/ostrikovac-1024x684.jpg 1024w, https:\/\/centralmedia.rs\/wp-content\/uploads\/2021\/03\/ostrikovac-629x420.jpg 629w, https:\/\/centralmedia.rs\/wp-content\/uploads\/2021\/03\/ostrikovac-537x360.jpg 537w, https:\/\/centralmedia.rs\/wp-content\/uploads\/2021\/03\/ostrikovac-640x428.jpg 640w, https:\/\/centralmedia.rs\/wp-content\/uploads\/2021\/03\/ostrikovac-681x455.jpg 681w\" sizes=\"(max-width: 2048px) 100vw, 2048px\" \/><\/a>\n\t\t\t<\/div><\/figure>\n\t\t<\/div>\n\n","protected":false},"excerpt":{"rendered":"<p>\u0106UPRIJA- Potpisan je ugovor izme\u0111u Ministarstva dr\u017eavne uprave i lokalne samouprave i Op\u0161tine \u0106uprija, vredan 3,7 miliona dinara, za regulaciju Ostrikova\u010dkog potoka. Uskoro po\u010dinju radovi &hellip; <\/p>\n","protected":false},"author":2,"featured_media":26388,"comment_status":"open","ping_status":"open","sticky":false,"template":"","format":"standard","meta":{"footnotes":""},"categories":[1515,1524,2,13,12],"tags":[44,4172,5066,517,1137],"_links":{"self":[{"href":"https:\/\/centralmedia.rs\/index.php\/wp-json\/wp\/v2\/posts\/26387"}],"collection":[{"href":"https:\/\/centralmedia.rs\/index.php\/wp-json\/wp\/v2\/posts"}],"about":[{"href":"https:\/\/centralmedia.rs\/index.php\/wp-json\/wp\/v2\/types\/post"}],"author":[{"embeddable":true,"href":"https:\/\/centralmedia.rs\/index.php\/wp-json\/wp\/v2\/users\/2"}],"replies":[{"embeddable":true,"href":"https:\/\/centralmedia.rs\/index.php\/wp-json\/wp\/v2\/comments?post=26387"}],"version-history":[{"count":1,"href":"https:\/\/centralmedia.rs\/index.php\/wp-json\/wp\/v2\/posts\/26387\/revisions"}],"predecessor-version":[{"id":26392,"href":"https:\/\/centralmedia.rs\/index.php\/wp-json\/wp\/v2\/posts\/26387\/revisions\/26392"}],"wp:featuredmedia":[{"embeddable":true,"href":"https:\/\/centralmedia.rs\/index.php\/wp-json\/wp\/v2\/media\/26388"}],"wp:attachment":[{"href":"https:\/\/centralmedia.rs\/index.php\/wp-json\/wp\/v2\/media?parent=26387"}],"wp:term":[{"taxonomy":"category","embeddable":true,"href":"https:\/\/centralmedia.rs\/index.php\/wp-json\/wp\/v2\/categories?post=26387"},{"taxonomy":"post_tag","embeddable":true,"href":"https:\/\/centralmedia.rs\/index.php\/wp-json\/wp\/v2\/tags?post=26387"}],"curies":[{"name":"wp","href":"https:\/\/api.w.org\/{rel}","templated":true}]}}