{"id":26451,"date":"2021-04-06T12:51:40","date_gmt":"2021-04-06T10:51:40","guid":{"rendered":"http:\/\/centralmedia.rs\/?p=26451"},"modified":"2022-01-04T18:42:16","modified_gmt":"2022-01-04T17:42:16","slug":"palma-jedino-opozicija-u-srbiji-ima-opoziciju-i-cekaju-evropske-pregovarace-da-ih-pomire-kada-god-su-se-neki-sa-strane-mesali-mi-smo-izgubili-neku-teritoriju-a-danas-je-ta-teritorija-koju-zele-da","status":"publish","type":"post","link":"https:\/\/centralmedia.rs\/index.php\/2021\/04\/06\/palma-jedino-opozicija-u-srbiji-ima-opoziciju-i-cekaju-evropske-pregovarace-da-ih-pomire-kada-god-su-se-neki-sa-strane-mesali-mi-smo-izgubili-neku-teritoriju-a-danas-je-ta-teritorija-koju-zele-da\/","title":{"rendered":"PALMA : JEDINO OPOZICIJA U SRBIJI IMA OPOZICIJU I \u010cEKAJU EVROPSKE PREGOVARA\u010cE DA IH POMIRE. KADA GOD SU SE NEKI SA STRANE ME\u0160ALI MI SMO IZGUBILI NEKU TERITORIJU, A DANAS JE TA TERITORIJA KOJU \u017dELE DA OTMU SKUP\u0160TINA I VLADA SRBIJE"},"content":{"rendered":"<p>JAGODINA-\u201eNigde u svetu se nije desilo da opozicija ima opoziciju, a to se sada desilo u Srbiji. Oni ne mogu da se dogovore ni oko \u010dega, pa ni o tome ko \u0107e u\u010destvovati u dijalogu o izbornim uslovima. Jedni predla\u017eu da u\u010destvuju svi koji \u017eele da iza\u0111u na izbore, a to bi bilo njih 160, jer ima oko 80 partija po dva predstavnika. Ne mogu da se dogovore ni ko \u0107e im biti lider, da li \u0107e to biti predsednik neke stranke ili neka nestrana\u010dka li\u010dnost. Oni \u010dekaju da ih Brisel pomiri, ali kada se god taj Brisel ume\u0161ao mi smo izgubili deo teritorije, a o\u010digledno je da je sada ta teritorija Skup\u0161tina Srbije i Vlada Srbije, a za te dve teritorije odlu\u010duju gra\u0111ani Srbije, a ne Brisel i ne mo\u017ee se u\u0107i u Skup\u0161tinu Srbije i lokalne parlamente samo zato \u0161to si ti sebe nazvao liderom neke opozicione partije. Zna se kako se ulazi u parlament, glasovima gra\u0111ana na izborima\u201c, izjavio je gostuju\u0107i na TV Hepi, predsednik Jedinstvene Srbije Dragan Markovi\u0107 Palma. \u201eOvi iz opozicije u Srbiji u poslednje vreme \u0161alju militantne poruke i \u017eele da posva\u0111aju gra\u0111ane Srbije i da se mi vratimo u neko vreme kada se lupalo u \u0161erpe i lonce. Pro\u0161lo je vreme takvih podela. Danas Srbija nije ono \u0161to je bila pre 12, 15 ili 20 godina. Danas Srbija ima veoma dobre rezultate\u201c kazao je Markovi\u0107.<\/p>\n<p>\u0110ILASOVI VITAMINI SU EVRI<\/p>\n<p>\u201eJa ne razumem \u0110ilasa. Izbegavam da pominjem to ime. Ovi njegovi su sada po\u010deli da tra\u017ee da prisustvuju sednicama lokalnih parlamenata. I ka\u017eu \u201ezatvorene su sednice\u201c. Pa kako da prisustvuje\u0161 kada nisi odbornik ? Kako da sedi\u0161 u lokalnom parlamentu gde sede odbornici ? Kada su u pitanju njegove pare, ja ne ulazim u to da li ima 619, 720 ili 550 miliona evra. On ka\u017ee \u201enisu pare na tim i tim ra\u010dunima\u201c, ali reci da li ima\u0161 te pare ili nema\u0161. Mo\u017eda si ti te pare po\u0161teno zaradio, za\u0161to krije\u0161, ka\u017ee\u0161 imam toliko i toliko. Ovi iz Evropskog parlamenta pitaju \u201eza\u0161to to stalno pominjete\u201c. To su gospodo ogromne pare, a da nismo videli neka humana dela. Njihova humana dela su da se plate neki momci da lome znakove po Beogradu kada se prave ulice, da se upada u parlament i da se tuku policajci. Sada napadaju predsednika dr\u017eave Vu\u010di\u0107a zbog najave podele vitamina penzionerima. A gde su vitamini koje ste vi imali ? Va\u0161i vitamini su u evrima\u201c, rekao je Markovi\u0107. \u201eGra\u0111ani Srbije vrlo dobro znaju kakvi su oni koji su bili i kakvi su ovi koji su danas. Velika je razlika izme\u0111u njih. I ovi iz opozicije stalno govore \u201ee kada mi do\u0111emo\u201c. Odakle da do\u0111ete, iz \u010cikaga ? Vi ste sve vreme tu i imali ste priliku da poka\u017eete \u0161ta znate. Ja vam garantujem da se Jeremi\u0107 i \u0110ilas nikada ne\u0107e dogovoriti. Bili su lokalni izbori u vi\u0161e op\u0161tina i gradova i nisu iza\u0161li na izbore. Oni to zami\u0161ljaju ovako \u201espavaju, ujutro se probude i evo mi smo na vlasti\u201c\u201c, izjavio je Markovi\u0107.<\/p>\n<p>DANA\u0160NJA VLAST U CRNOJ GORI JE ANTISPSKA I ANTICRNOGORSKA<\/p>\n<p>\u201eOva Vlada u Crnoj Gori \u0107e ponovo da izazove nemire i ista \u0107e da padne u roku od tri meseca. Ova Vlada Crne Gore ne samo da je antisrpska, ona je i anticrnogorska, jer radi u korist \u0161tete gra\u0111ana Crne Gore. Gde su vam vakcine u Crnoj Gori ? Vi ste \u010dlan NATO pakta, pa \u0161ta \u010dekate da vam donesu bombe. U Crnoj Gori \u0107e situacija iz meseca u mesec biti sve te\u017ea, a ja im to ne \u017eelim. Ove sezone Crna Gora ne\u0107e biti destinacija za srpske turiste, zato \u0161to je Crna Gora nebezbedna za na\u0161e gra\u0111ane\u201c ocenio je predsednik Jedinstvene Srbije.<\/p>\n<p>&nbsp;<\/p>\n","protected":false},"excerpt":{"rendered":"<p>JAGODINA-\u201eNigde u svetu se nije desilo da opozicija ima opoziciju, a to se sada desilo u Srbiji. Oni ne mogu da se dogovore ni oko &hellip; <\/p>\n","protected":false},"author":2,"featured_media":26452,"comment_status":"open","ping_status":"open","sticky":false,"template":"","format":"standard","meta":{"footnotes":""},"categories":[1524,2,5643,1514,887,12],"tags":[2081,120,1293,1112],"_links":{"self":[{"href":"https:\/\/centralmedia.rs\/index.php\/wp-json\/wp\/v2\/posts\/26451"}],"collection":[{"href":"https:\/\/centralmedia.rs\/index.php\/wp-json\/wp\/v2\/posts"}],"about":[{"href":"https:\/\/centralmedia.rs\/index.php\/wp-json\/wp\/v2\/types\/post"}],"author":[{"embeddable":true,"href":"https:\/\/centralmedia.rs\/index.php\/wp-json\/wp\/v2\/users\/2"}],"replies":[{"embeddable":true,"href":"https:\/\/centralmedia.rs\/index.php\/wp-json\/wp\/v2\/comments?post=26451"}],"version-history":[{"count":1,"href":"https:\/\/centralmedia.rs\/index.php\/wp-json\/wp\/v2\/posts\/26451\/revisions"}],"predecessor-version":[{"id":26453,"href":"https:\/\/centralmedia.rs\/index.php\/wp-json\/wp\/v2\/posts\/26451\/revisions\/26453"}],"wp:featuredmedia":[{"embeddable":true,"href":"https:\/\/centralmedia.rs\/index.php\/wp-json\/wp\/v2\/media\/26452"}],"wp:attachment":[{"href":"https:\/\/centralmedia.rs\/index.php\/wp-json\/wp\/v2\/media?parent=26451"}],"wp:term":[{"taxonomy":"category","embeddable":true,"href":"https:\/\/centralmedia.rs\/index.php\/wp-json\/wp\/v2\/categories?post=26451"},{"taxonomy":"post_tag","embeddable":true,"href":"https:\/\/centralmedia.rs\/index.php\/wp-json\/wp\/v2\/tags?post=26451"}],"curies":[{"name":"wp","href":"https:\/\/api.w.org\/{rel}","templated":true}]}}