{"id":26479,"date":"2021-04-13T19:00:39","date_gmt":"2021-04-13T19:00:39","guid":{"rendered":"http:\/\/centralmedia.rs\/?p=26479"},"modified":"2021-04-20T13:59:08","modified_gmt":"2021-04-20T13:59:08","slug":"vakcinacija-u-dublju-i-crkvencu","status":"publish","type":"post","link":"https:\/\/centralmedia.rs\/index.php\/2021\/04\/13\/vakcinacija-u-dublju-i-crkvencu\/","title":{"rendered":"VAKCINACIJA U DUBLJU I CRKVENCU"},"content":{"rendered":"<p>SVILAJNAC-Vakcinacija stanovni\u0161tva po mesnim zajednicama, koja se sprovodi u organizaciji op\u0161tine Svilajnac i Doma zdravlja \u201eSvilajnac\u201c, nastavljena je danas u selima Dublje i Crkvenac.<\/p>\n<div id='gallery-1' class='gallery galleryid-26479 gallery-columns-3 gallery-size-full'><figure class='gallery-item'>\n\t\t\t<div class='gallery-icon landscape'>\n\t\t\t\t<a href='https:\/\/centralmedia.rs\/index.php\/2021\/04\/13\/vakcinacija-u-dublju-i-crkvencu\/vakciancija1\/'><img loading=\"lazy\" decoding=\"async\" width=\"2048\" height=\"1365\" src=\"https:\/\/centralmedia.rs\/wp-content\/uploads\/2021\/04\/vakciancija1.jpg\" class=\"attachment-full size-full\" alt=\"\" srcset=\"https:\/\/centralmedia.rs\/wp-content\/uploads\/2021\/04\/vakciancija1.jpg 2048w, https:\/\/centralmedia.rs\/wp-content\/uploads\/2021\/04\/vakciancija1-300x200.jpg 300w, https:\/\/centralmedia.rs\/wp-content\/uploads\/2021\/04\/vakciancija1-768x512.jpg 768w, https:\/\/centralmedia.rs\/wp-content\/uploads\/2021\/04\/vakciancija1-1024x683.jpg 1024w, https:\/\/centralmedia.rs\/wp-content\/uploads\/2021\/04\/vakciancija1-630x420.jpg 630w, https:\/\/centralmedia.rs\/wp-content\/uploads\/2021\/04\/vakciancija1-640x427.jpg 640w, https:\/\/centralmedia.rs\/wp-content\/uploads\/2021\/04\/vakciancija1-681x454.jpg 681w\" sizes=\"(max-width: 2048px) 100vw, 2048px\" \/><\/a>\n\t\t\t<\/div><\/figure><figure class='gallery-item'>\n\t\t\t<div class='gallery-icon landscape'>\n\t\t\t\t<a href='https:\/\/centralmedia.rs\/index.php\/2021\/04\/13\/vakcinacija-u-dublju-i-crkvencu\/vakciancija2\/'><img loading=\"lazy\" decoding=\"async\" width=\"2048\" height=\"1365\" src=\"https:\/\/centralmedia.rs\/wp-content\/uploads\/2021\/04\/vakciancija2.jpg\" class=\"attachment-full size-full\" alt=\"\" srcset=\"https:\/\/centralmedia.rs\/wp-content\/uploads\/2021\/04\/vakciancija2.jpg 2048w, https:\/\/centralmedia.rs\/wp-content\/uploads\/2021\/04\/vakciancija2-300x200.jpg 300w, https:\/\/centralmedia.rs\/wp-content\/uploads\/2021\/04\/vakciancija2-768x512.jpg 768w, https:\/\/centralmedia.rs\/wp-content\/uploads\/2021\/04\/vakciancija2-1024x683.jpg 1024w, https:\/\/centralmedia.rs\/wp-content\/uploads\/2021\/04\/vakciancija2-630x420.jpg 630w, https:\/\/centralmedia.rs\/wp-content\/uploads\/2021\/04\/vakciancija2-640x427.jpg 640w, https:\/\/centralmedia.rs\/wp-content\/uploads\/2021\/04\/vakciancija2-681x454.jpg 681w\" sizes=\"(max-width: 2048px) 100vw, 2048px\" \/><\/a>\n\t\t\t<\/div><\/figure><figure class='gallery-item'>\n\t\t\t<div class='gallery-icon landscape'>\n\t\t\t\t<a href='https:\/\/centralmedia.rs\/index.php\/2021\/04\/13\/vakcinacija-u-dublju-i-crkvencu\/vakcinacija-6\/'><img loading=\"lazy\" decoding=\"async\" width=\"2048\" height=\"1365\" src=\"https:\/\/centralmedia.rs\/wp-content\/uploads\/2021\/04\/vakcinacija-6.jpg\" class=\"attachment-full size-full\" alt=\"\" srcset=\"https:\/\/centralmedia.rs\/wp-content\/uploads\/2021\/04\/vakcinacija-6.jpg 2048w, https:\/\/centralmedia.rs\/wp-content\/uploads\/2021\/04\/vakcinacija-6-300x200.jpg 300w, https:\/\/centralmedia.rs\/wp-content\/uploads\/2021\/04\/vakcinacija-6-768x512.jpg 768w, https:\/\/centralmedia.rs\/wp-content\/uploads\/2021\/04\/vakcinacija-6-1024x683.jpg 1024w, https:\/\/centralmedia.rs\/wp-content\/uploads\/2021\/04\/vakcinacija-6-630x420.jpg 630w, https:\/\/centralmedia.rs\/wp-content\/uploads\/2021\/04\/vakcinacija-6-640x427.jpg 640w, https:\/\/centralmedia.rs\/wp-content\/uploads\/2021\/04\/vakcinacija-6-681x454.jpg 681w\" sizes=\"(max-width: 2048px) 100vw, 2048px\" \/><\/a>\n\t\t\t<\/div><\/figure>\n\t\t<\/div>\n\n<p>Me\u0161tani ovih sela rekli su nam da im mnogo zna\u010di \u0161to vakcinaciju mogu da obave u svom selu, da sve te\u010de brzo i organizovano.<\/p>\n<p>\u201cPoru\u010dio bih svima da se vakcini\u0161u kako bismo za\u0161titili svoje zdravlje i vratili se \u0161to pre redovnom \u017eivotu. Sve je organizovano na najvi\u0161em nivou, vakcina ne boli, nema gu\u017eve, ni \u010dekanja\u201d \u2013 rekao je Zoran Ne\u0161i\u0107 iz Dublja.<\/p>\n<p>Zamenik predsednika op\u0161tine Svilajnac Dragana Radevi\u0107 obi\u0161la je punktove za vakcinaciju i jo\u0161 jednom pozvala sve na\u0161e sugra\u0111ane da se vakcini\u0161u bez prethodne prijave preko portala E-uprava:<\/p>\n<p>\u201cLjudi po mesnim zajednicama mogu da se prijave kod \u0161efova mesnih kancelarija za vakcinaciju i tamo gde bude dovoljan broj prijavljenih, a to je preko 20, bi\u0107e organizovana vakcinacija na terenu. Osim po selima, vakcinacija \u0107e se sprovesti i u kompaniji Wossloh Schwabe i JKP \u201cMorava\u201d Svilajnac\u201d \u2013 izjavila je ona.<\/p>\n<div id='gallery-2' class='gallery galleryid-26479 gallery-columns-4 gallery-size-full'><figure class='gallery-item'>\n\t\t\t<div class='gallery-icon landscape'>\n\t\t\t\t<a href='https:\/\/centralmedia.rs\/index.php\/2021\/04\/13\/vakcinacija-u-dublju-i-crkvencu\/vakcinacija3-3\/'><img loading=\"lazy\" decoding=\"async\" width=\"2048\" height=\"1365\" src=\"https:\/\/centralmedia.rs\/wp-content\/uploads\/2021\/04\/vakcinacija3-1.jpg\" class=\"attachment-full size-full\" alt=\"\" srcset=\"https:\/\/centralmedia.rs\/wp-content\/uploads\/2021\/04\/vakcinacija3-1.jpg 2048w, https:\/\/centralmedia.rs\/wp-content\/uploads\/2021\/04\/vakcinacija3-1-300x200.jpg 300w, https:\/\/centralmedia.rs\/wp-content\/uploads\/2021\/04\/vakcinacija3-1-768x512.jpg 768w, https:\/\/centralmedia.rs\/wp-content\/uploads\/2021\/04\/vakcinacija3-1-1024x683.jpg 1024w, https:\/\/centralmedia.rs\/wp-content\/uploads\/2021\/04\/vakcinacija3-1-630x420.jpg 630w, https:\/\/centralmedia.rs\/wp-content\/uploads\/2021\/04\/vakcinacija3-1-640x427.jpg 640w, https:\/\/centralmedia.rs\/wp-content\/uploads\/2021\/04\/vakcinacija3-1-681x454.jpg 681w\" sizes=\"(max-width: 2048px) 100vw, 2048px\" \/><\/a>\n\t\t\t<\/div><\/figure><figure class='gallery-item'>\n\t\t\t<div class='gallery-icon landscape'>\n\t\t\t\t<a href='https:\/\/centralmedia.rs\/index.php\/2021\/04\/13\/vakcinacija-u-dublju-i-crkvencu\/vakcinacija4-3\/'><img loading=\"lazy\" decoding=\"async\" width=\"2048\" height=\"1365\" src=\"https:\/\/centralmedia.rs\/wp-content\/uploads\/2021\/04\/vakcinacija4-1.jpg\" class=\"attachment-full size-full\" alt=\"\" srcset=\"https:\/\/centralmedia.rs\/wp-content\/uploads\/2021\/04\/vakcinacija4-1.jpg 2048w, https:\/\/centralmedia.rs\/wp-content\/uploads\/2021\/04\/vakcinacija4-1-300x200.jpg 300w, https:\/\/centralmedia.rs\/wp-content\/uploads\/2021\/04\/vakcinacija4-1-768x512.jpg 768w, https:\/\/centralmedia.rs\/wp-content\/uploads\/2021\/04\/vakcinacija4-1-1024x683.jpg 1024w, https:\/\/centralmedia.rs\/wp-content\/uploads\/2021\/04\/vakcinacija4-1-630x420.jpg 630w, https:\/\/centralmedia.rs\/wp-content\/uploads\/2021\/04\/vakcinacija4-1-640x427.jpg 640w, https:\/\/centralmedia.rs\/wp-content\/uploads\/2021\/04\/vakcinacija4-1-681x454.jpg 681w\" sizes=\"(max-width: 2048px) 100vw, 2048px\" \/><\/a>\n\t\t\t<\/div><\/figure><figure class='gallery-item'>\n\t\t\t<div class='gallery-icon landscape'>\n\t\t\t\t<a href='https:\/\/centralmedia.rs\/index.php\/2021\/04\/13\/vakcinacija-u-dublju-i-crkvencu\/vakcinacija5-2\/'><img loading=\"lazy\" decoding=\"async\" width=\"2048\" height=\"1365\" src=\"https:\/\/centralmedia.rs\/wp-content\/uploads\/2021\/04\/vakcinacija5-1.jpg\" class=\"attachment-full size-full\" alt=\"\" srcset=\"https:\/\/centralmedia.rs\/wp-content\/uploads\/2021\/04\/vakcinacija5-1.jpg 2048w, https:\/\/centralmedia.rs\/wp-content\/uploads\/2021\/04\/vakcinacija5-1-300x200.jpg 300w, https:\/\/centralmedia.rs\/wp-content\/uploads\/2021\/04\/vakcinacija5-1-768x512.jpg 768w, https:\/\/centralmedia.rs\/wp-content\/uploads\/2021\/04\/vakcinacija5-1-1024x683.jpg 1024w, https:\/\/centralmedia.rs\/wp-content\/uploads\/2021\/04\/vakcinacija5-1-630x420.jpg 630w, https:\/\/centralmedia.rs\/wp-content\/uploads\/2021\/04\/vakcinacija5-1-640x427.jpg 640w, https:\/\/centralmedia.rs\/wp-content\/uploads\/2021\/04\/vakcinacija5-1-681x454.jpg 681w\" sizes=\"(max-width: 2048px) 100vw, 2048px\" \/><\/a>\n\t\t\t<\/div><\/figure><figure class='gallery-item'>\n\t\t\t<div class='gallery-icon landscape'>\n\t\t\t\t<a href='https:\/\/centralmedia.rs\/index.php\/2021\/04\/13\/vakcinacija-u-dublju-i-crkvencu\/vakcinacija7\/'><img loading=\"lazy\" decoding=\"async\" width=\"2048\" height=\"1365\" src=\"https:\/\/centralmedia.rs\/wp-content\/uploads\/2021\/04\/vakcinacija7.jpg\" class=\"attachment-full size-full\" alt=\"\" srcset=\"https:\/\/centralmedia.rs\/wp-content\/uploads\/2021\/04\/vakcinacija7.jpg 2048w, https:\/\/centralmedia.rs\/wp-content\/uploads\/2021\/04\/vakcinacija7-300x200.jpg 300w, https:\/\/centralmedia.rs\/wp-content\/uploads\/2021\/04\/vakcinacija7-768x512.jpg 768w, https:\/\/centralmedia.rs\/wp-content\/uploads\/2021\/04\/vakcinacija7-1024x683.jpg 1024w, https:\/\/centralmedia.rs\/wp-content\/uploads\/2021\/04\/vakcinacija7-630x420.jpg 630w, https:\/\/centralmedia.rs\/wp-content\/uploads\/2021\/04\/vakcinacija7-640x427.jpg 640w, https:\/\/centralmedia.rs\/wp-content\/uploads\/2021\/04\/vakcinacija7-681x454.jpg 681w\" sizes=\"(max-width: 2048px) 100vw, 2048px\" \/><\/a>\n\t\t\t<\/div><\/figure>\n\t\t<\/div>\n\n<p>U Svilajncu se do sada vakcinisalo vi\u0161e od 5.000 ljudi.<\/p>\n<p>Op\u0161tina Svilajnac je u saradnji sa Domom zdravlja \u201eSvilajnac\u201c po\u010dela organizovanu akciju vakcinacije, koja se obavlja na terenu, po mesnim zajednicama i kompanijama. Prema podacima Doma zdravlja samo u petak vakcinisano je 506 gra\u0111ana, od kojih je njih 406 primilo prvu dozu, a 100 ih je revakcinisano.<\/p>\n<p>Predsednik op\u0161tine Svilajnac Predrag Milanovi\u0107 pozvao je i na\u0161e gra\u0111ane iz dijaspore, kao i sve ostale sugra\u0111ane da se vakcinacija nastavi ovim tempom, kako bismo se svi \u0161to pre vratili normalnom \u017eivotu:<\/p>\n<p>\u201ePozivam posebno na\u0161e ljude koji \u017eive u inostranstvu da se vakcini\u0161u kod nas kada budu dolazili za praznike, s obzirom da u pojedinim zemljama Evropske Unije nema dovoljno vakcina. Oni su na\u0161i gra\u0111ani, mi imamo vakcina, oni imaju to pravo i mogu\u0107nost. \u010cak i oni koji budu hteli da se vakcini\u0161u Astra Zeneca vakcinom mogu to da u\u010dine tako \u0161to \u0107e prvu dozu primiti kada budu dolazili za Uskr\u0161nje praznike,a kako je revakcinacija za tri meseca, revakcinu mogu primiti kada do\u0111u za letnje odmore. Tako \u0107e se na\u0161i sugra\u0111ani koji \u017eive u inostranstvu pre svega za\u0161titi, a mo\u0107i \u0107e i normalno da putuju bez prethodnog testiranja. Tako\u0111e, nastavljamo sa redovnom vakcinacijom, kao i vakcinacijom po mesnim zajednicama bez prethodnog prijavljivanja\u201c \u2013 izjavio je Milanovi\u0107.<\/p>\n<p>Milanovi\u0107 je naglasio i da je Op\u0161tinsko ve\u0107e donelo meru za pomo\u0107 ugostiteljima, koji su bili me\u0111u onima koji su najvi\u0161e pogo\u0111eni epidemiolo\u0161kim merama, a to je osloba\u0111anje od pla\u0107anja naknade za zauze\u0107e javne povr\u0161ine za letnje ba\u0161te:<\/p>\n<p>\u201cOdluka se odnosi na sve ugostiteljske objekte i va\u017ei do kraja godine. Jedino su u obavezi da podnesu zahtev Odeljenju za urbanizam za postavljanje ba\u0161ti, gde \u0107e dobiti jasne smernice za postavljanje ba\u0161ti uz po\u0161tovanje propisanih epidemiolo\u0161kih mera. Samo ova mera vredi 1,5 miliona dinara, jer toliko ukupno iznose godi\u0161nje naknade za letnje ba\u0161te. Osim toga, u maju nas o\u010dekuje jedan rebalans bud\u017eeta op\u0161tine Svilajnac, kako bismo doneli jo\u0161 neke mere za pomo\u0107 privrednicima koji su pretrpeli najvi\u0161e \u0161tete tokom epidemije.\u201d \u2013 objasnio je Milanovi\u0107.<\/p>\n<p>\u201eOdziv stanovni\u0161tva je dobar, samo je va\u017eno da nastavimo ovim tempom i kada budemo imali vi\u0161e od 10.000 vakcinisanih ljudi u\u0107i \u0107emo u bezbednu zonu. Alfa Tehnics je svojim primerom pokazao kako se dru\u0161tveno odgovorno pona\u0161ati, jer bez suzbijanja epidemije ne mogu da se razvijaju ni oni kao kompanija, ni mi kao op\u0161tina. Danas \u0107e biti vakcinisano vi\u0161e od pola radnika, neki su prele\u017eali Covid 19, tako da \u0107e nakon dana\u0161njeg dana biti mnogo bezbedniji\u201c \u2013 izjavio je Milanovi\u0107 istakav\u0161i da \u0107e svaki gra\u0111anin op\u0161tine Svilajnac biti informisan o vakcinaciji, kontakt telefonima, pomo\u0107i i na\u010dinima imunizacije.<\/p>\n<p>Vakcinacija po mesnim zajednicama do sada je obavljena i u Ku\u0161iljevu, Sedlaru, Grabovcu, Bobovu i bi\u0107e organizovana u svakoj mesnoj zajednici u kojoj postoji zainteresovanost gra\u0111ana:<\/p>\n<p>&nbsp;<\/p>\n","protected":false},"excerpt":{"rendered":"<p>SVILAJNAC-Vakcinacija stanovni\u0161tva po mesnim zajednicama, koja se sprovodi u organizaciji op\u0161tine Svilajnac i Doma zdravlja \u201eSvilajnac\u201c, nastavljena je danas u selima Dublje i Crkvenac. Me\u0161tani &hellip; <\/p>\n","protected":false},"author":2,"featured_media":26480,"comment_status":"open","ping_status":"open","sticky":false,"template":"","format":"standard","meta":{"footnotes":""},"categories":[28,1524,2,887,12,1517],"tags":[4440,38,2936],"_links":{"self":[{"href":"https:\/\/centralmedia.rs\/index.php\/wp-json\/wp\/v2\/posts\/26479"}],"collection":[{"href":"https:\/\/centralmedia.rs\/index.php\/wp-json\/wp\/v2\/posts"}],"about":[{"href":"https:\/\/centralmedia.rs\/index.php\/wp-json\/wp\/v2\/types\/post"}],"author":[{"embeddable":true,"href":"https:\/\/centralmedia.rs\/index.php\/wp-json\/wp\/v2\/users\/2"}],"replies":[{"embeddable":true,"href":"https:\/\/centralmedia.rs\/index.php\/wp-json\/wp\/v2\/comments?post=26479"}],"version-history":[{"count":1,"href":"https:\/\/centralmedia.rs\/index.php\/wp-json\/wp\/v2\/posts\/26479\/revisions"}],"predecessor-version":[{"id":26488,"href":"https:\/\/centralmedia.rs\/index.php\/wp-json\/wp\/v2\/posts\/26479\/revisions\/26488"}],"wp:featuredmedia":[{"embeddable":true,"href":"https:\/\/centralmedia.rs\/index.php\/wp-json\/wp\/v2\/media\/26480"}],"wp:attachment":[{"href":"https:\/\/centralmedia.rs\/index.php\/wp-json\/wp\/v2\/media?parent=26479"}],"wp:term":[{"taxonomy":"category","embeddable":true,"href":"https:\/\/centralmedia.rs\/index.php\/wp-json\/wp\/v2\/categories?post=26479"},{"taxonomy":"post_tag","embeddable":true,"href":"https:\/\/centralmedia.rs\/index.php\/wp-json\/wp\/v2\/tags?post=26479"}],"curies":[{"name":"wp","href":"https:\/\/api.w.org\/{rel}","templated":true}]}}