{"id":26502,"date":"2021-04-16T14:31:43","date_gmt":"2021-04-16T14:31:43","guid":{"rendered":"http:\/\/centralmedia.rs\/?p=26502"},"modified":"2021-04-20T14:01:24","modified_gmt":"2021-04-20T14:01:24","slug":"vakcinacija-u-fabrika-i-selima-u-svilajncu-foto","status":"publish","type":"post","link":"https:\/\/centralmedia.rs\/index.php\/2021\/04\/16\/vakcinacija-u-fabrika-i-selima-u-svilajncu-foto\/","title":{"rendered":"VAKCINACIJA U FABRIKA I SELIMA U SVILAJNCU (foto)"},"content":{"rendered":"<p>SVILAJNAC-Kompanija Vossloh-Schwabe druga je kompanija u Svilajncu u kojoj je obaviljena vakcinacija zaposlenih, koji ka\u017eu da je va\u017eno pona\u0161ati se dru\u0161tveno odgovorno i doprineti stvaranju kolektivnog imuniteta. Vakcinacija u organizaciji op\u0161tine Svilajnac i Doma zdravlja &#8220;Svilajnac&#8221; nastavi\u0107e se i slede\u0107e nedelje u mesnim zajednicama i firmama sa dovoljnim brojem zainteresovanih gra\u0111ana.<\/p>\n<div id='gallery-1' class='gallery galleryid-26502 gallery-columns-5 gallery-size-thumbnail'><figure class='gallery-item'>\n\t\t\t<div class='gallery-icon portrait'>\n\t\t\t\t<a href='https:\/\/centralmedia.rs\/index.php\/2021\/04\/16\/vakcinacija-u-fabrika-i-selima-u-svilajncu-foto\/fabrike\/'><img loading=\"lazy\" decoding=\"async\" width=\"150\" height=\"150\" src=\"https:\/\/centralmedia.rs\/wp-content\/uploads\/2021\/04\/fabrike-150x150.jpg\" class=\"attachment-thumbnail size-thumbnail\" alt=\"\" \/><\/a>\n\t\t\t<\/div><\/figure><figure class='gallery-item'>\n\t\t\t<div class='gallery-icon landscape'>\n\t\t\t\t<a href='https:\/\/centralmedia.rs\/index.php\/2021\/04\/16\/vakcinacija-u-fabrika-i-selima-u-svilajncu-foto\/fabrike1\/'><img loading=\"lazy\" decoding=\"async\" width=\"150\" height=\"150\" src=\"https:\/\/centralmedia.rs\/wp-content\/uploads\/2021\/04\/fabrike1-150x150.jpg\" class=\"attachment-thumbnail size-thumbnail\" alt=\"\" \/><\/a>\n\t\t\t<\/div><\/figure><figure class='gallery-item'>\n\t\t\t<div class='gallery-icon landscape'>\n\t\t\t\t<a href='https:\/\/centralmedia.rs\/index.php\/2021\/04\/16\/vakcinacija-u-fabrika-i-selima-u-svilajncu-foto\/panasonik\/'><img loading=\"lazy\" decoding=\"async\" width=\"150\" height=\"150\" src=\"https:\/\/centralmedia.rs\/wp-content\/uploads\/2021\/04\/panasonik-150x150.jpg\" class=\"attachment-thumbnail size-thumbnail\" alt=\"\" \/><\/a>\n\t\t\t<\/div><\/figure><figure class='gallery-item'>\n\t\t\t<div class='gallery-icon landscape'>\n\t\t\t\t<a href='https:\/\/centralmedia.rs\/index.php\/2021\/04\/16\/vakcinacija-u-fabrika-i-selima-u-svilajncu-foto\/panasonik1\/'><img loading=\"lazy\" decoding=\"async\" width=\"150\" height=\"150\" src=\"https:\/\/centralmedia.rs\/wp-content\/uploads\/2021\/04\/panasonik1-150x150.jpg\" class=\"attachment-thumbnail size-thumbnail\" alt=\"\" \/><\/a>\n\t\t\t<\/div><\/figure><figure class='gallery-item'>\n\t\t\t<div class='gallery-icon landscape'>\n\t\t\t\t<a href='https:\/\/centralmedia.rs\/index.php\/2021\/04\/16\/vakcinacija-u-fabrika-i-selima-u-svilajncu-foto\/panasonik2\/'><img loading=\"lazy\" decoding=\"async\" width=\"150\" height=\"150\" src=\"https:\/\/centralmedia.rs\/wp-content\/uploads\/2021\/04\/panasonik2-150x150.jpg\" class=\"attachment-thumbnail size-thumbnail\" alt=\"\" \/><\/a>\n\t\t\t<\/div><\/figure>\n\t\t<\/div>\n\n<p>VAKCINACIJA U RADO\u0160INU<\/p>\n<p>Vakcinacija stanovni\u0161tva po mesnim zajednicama, koja se sprovodi u organizaciji op\u0161tine Svilajnac i Doma zdravlja \u201eSvilajnac\u201c, nastavljena je u Rado\u0161inu. Kao i u ostalim selima, i u Rado\u0161inu su nam rekli da im je ovakav vid vakcinacije, u njihovom selu i bez prethodnog prijavljivanja preko portala E-uprava, mnogo lak\u0161i i br\u017ei. Ljudi po mesnim zajednicama mogu da se prijave kod \u0161efova mesnih kancelarija za vakcinaciju i tamo gde bude dovoljan broj prijavljenih, a to je preko 20, bi\u0107e organizovana vakcinacija na terenu.<\/p>\n<div id='gallery-2' class='gallery galleryid-26502 gallery-columns-4 gallery-size-thumbnail'><figure class='gallery-item'>\n\t\t\t<div class='gallery-icon landscape'>\n\t\t\t\t<a href='https:\/\/centralmedia.rs\/index.php\/2021\/04\/16\/vakcinacija-u-fabrika-i-selima-u-svilajncu-foto\/radosin\/'><img loading=\"lazy\" decoding=\"async\" width=\"150\" height=\"150\" src=\"https:\/\/centralmedia.rs\/wp-content\/uploads\/2021\/04\/RADOSIN-150x150.jpg\" class=\"attachment-thumbnail size-thumbnail\" alt=\"\" \/><\/a>\n\t\t\t<\/div><\/figure><figure class='gallery-item'>\n\t\t\t<div class='gallery-icon landscape'>\n\t\t\t\t<a href='https:\/\/centralmedia.rs\/index.php\/2021\/04\/16\/vakcinacija-u-fabrika-i-selima-u-svilajncu-foto\/radosin1\/'><img loading=\"lazy\" decoding=\"async\" width=\"150\" height=\"150\" src=\"https:\/\/centralmedia.rs\/wp-content\/uploads\/2021\/04\/radosin1-150x150.jpg\" class=\"attachment-thumbnail size-thumbnail\" alt=\"\" \/><\/a>\n\t\t\t<\/div><\/figure><figure class='gallery-item'>\n\t\t\t<div class='gallery-icon landscape'>\n\t\t\t\t<a href='https:\/\/centralmedia.rs\/index.php\/2021\/04\/16\/vakcinacija-u-fabrika-i-selima-u-svilajncu-foto\/radosin2\/'><img loading=\"lazy\" decoding=\"async\" width=\"150\" height=\"150\" src=\"https:\/\/centralmedia.rs\/wp-content\/uploads\/2021\/04\/radosin2-150x150.jpg\" class=\"attachment-thumbnail size-thumbnail\" alt=\"\" \/><\/a>\n\t\t\t<\/div><\/figure><figure class='gallery-item'>\n\t\t\t<div class='gallery-icon landscape'>\n\t\t\t\t<a href='https:\/\/centralmedia.rs\/index.php\/2021\/04\/16\/vakcinacija-u-fabrika-i-selima-u-svilajncu-foto\/radosin3\/'><img loading=\"lazy\" decoding=\"async\" width=\"150\" height=\"150\" src=\"https:\/\/centralmedia.rs\/wp-content\/uploads\/2021\/04\/radosin3-150x150.jpg\" class=\"attachment-thumbnail size-thumbnail\" alt=\"\" \/><\/a>\n\t\t\t<\/div><\/figure>\n\t\t<\/div>\n\n<p>VAKCINACIJA U DUBLJU I CRKVENCU<\/p>\n<p>Vakcinacija stanovni\u0161tva po mesnim zajednicama, koja se sprovodi u organizaciji op\u0161tine Svilajnac i Doma zdravlja \u201eSvilajnac\u201c, nastavljena je u selima Dublje i Crkvenac.<\/p>\n<p>Me\u0161tani ovih sela rekli su nam da im mnogo zna\u010di \u0161to vakcinaciju mogu da obave u svom selu, da sve te\u010de brzo i organizovano:<\/p>\n<p>\u201cPoru\u010dio bih svima da se vakcini\u0161u kako bismo za\u0161titili svoje zdravlje i vratili se \u0161to pre redovnom \u017eivotu. Sve je organizovano na najvi\u0161em nivou, vakcina ne boli, nema gu\u017eve, ni \u010dekanja\u201d \u2013 rekao je Zoran Ne\u0161i\u0107 iz Dublja.<\/p>\n<div id='gallery-3' class='gallery galleryid-26502 gallery-columns-8 gallery-size-thumbnail'><figure class='gallery-item'>\n\t\t\t<div class='gallery-icon landscape'>\n\t\t\t\t<a href='https:\/\/centralmedia.rs\/index.php\/2021\/04\/16\/vakcinacija-u-fabrika-i-selima-u-svilajncu-foto\/crkvenac-3\/'><img loading=\"lazy\" decoding=\"async\" width=\"150\" height=\"150\" src=\"https:\/\/centralmedia.rs\/wp-content\/uploads\/2021\/04\/crkvenac-150x150.jpg\" class=\"attachment-thumbnail size-thumbnail\" alt=\"\" \/><\/a>\n\t\t\t<\/div><\/figure><figure class='gallery-item'>\n\t\t\t<div class='gallery-icon landscape'>\n\t\t\t\t<a href='https:\/\/centralmedia.rs\/index.php\/2021\/04\/16\/vakcinacija-u-fabrika-i-selima-u-svilajncu-foto\/crkvenac1-2\/'><img loading=\"lazy\" decoding=\"async\" width=\"150\" height=\"150\" src=\"https:\/\/centralmedia.rs\/wp-content\/uploads\/2021\/04\/crkvenac1-150x150.jpg\" class=\"attachment-thumbnail size-thumbnail\" alt=\"\" \/><\/a>\n\t\t\t<\/div><\/figure><figure class='gallery-item'>\n\t\t\t<div class='gallery-icon landscape'>\n\t\t\t\t<a href='https:\/\/centralmedia.rs\/index.php\/2021\/04\/16\/vakcinacija-u-fabrika-i-selima-u-svilajncu-foto\/crkvenac2-2\/'><img loading=\"lazy\" decoding=\"async\" width=\"150\" height=\"150\" src=\"https:\/\/centralmedia.rs\/wp-content\/uploads\/2021\/04\/crkvenac2-150x150.jpg\" class=\"attachment-thumbnail size-thumbnail\" alt=\"\" \/><\/a>\n\t\t\t<\/div><\/figure><figure class='gallery-item'>\n\t\t\t<div class='gallery-icon landscape'>\n\t\t\t\t<a href='https:\/\/centralmedia.rs\/index.php\/2021\/04\/16\/vakcinacija-u-fabrika-i-selima-u-svilajncu-foto\/crkvenac4\/'><img loading=\"lazy\" decoding=\"async\" width=\"150\" height=\"150\" src=\"https:\/\/centralmedia.rs\/wp-content\/uploads\/2021\/04\/crkvenac4-150x150.jpg\" class=\"attachment-thumbnail size-thumbnail\" alt=\"\" \/><\/a>\n\t\t\t<\/div><\/figure><figure class='gallery-item'>\n\t\t\t<div class='gallery-icon landscape'>\n\t\t\t\t<a href='https:\/\/centralmedia.rs\/index.php\/2021\/04\/16\/vakcinacija-u-fabrika-i-selima-u-svilajncu-foto\/crkvenac5\/'><img loading=\"lazy\" decoding=\"async\" width=\"150\" height=\"150\" src=\"https:\/\/centralmedia.rs\/wp-content\/uploads\/2021\/04\/crkvenac5-150x150.jpg\" class=\"attachment-thumbnail size-thumbnail\" alt=\"\" \/><\/a>\n\t\t\t<\/div><\/figure><figure class='gallery-item'>\n\t\t\t<div class='gallery-icon landscape'>\n\t\t\t\t<a href='https:\/\/centralmedia.rs\/index.php\/2021\/04\/16\/vakcinacija-u-fabrika-i-selima-u-svilajncu-foto\/dublje-2\/'><img loading=\"lazy\" decoding=\"async\" width=\"150\" height=\"150\" src=\"https:\/\/centralmedia.rs\/wp-content\/uploads\/2021\/04\/dublje-150x150.jpg\" class=\"attachment-thumbnail size-thumbnail\" alt=\"\" \/><\/a>\n\t\t\t<\/div><\/figure><figure class='gallery-item'>\n\t\t\t<div class='gallery-icon landscape'>\n\t\t\t\t<a href='https:\/\/centralmedia.rs\/index.php\/2021\/04\/16\/vakcinacija-u-fabrika-i-selima-u-svilajncu-foto\/dublje1\/'><img loading=\"lazy\" decoding=\"async\" width=\"150\" height=\"150\" src=\"https:\/\/centralmedia.rs\/wp-content\/uploads\/2021\/04\/dublje1-150x150.jpg\" class=\"attachment-thumbnail size-thumbnail\" alt=\"\" \/><\/a>\n\t\t\t<\/div><\/figure><figure class='gallery-item'>\n\t\t\t<div class='gallery-icon landscape'>\n\t\t\t\t<a href='https:\/\/centralmedia.rs\/index.php\/2021\/04\/16\/vakcinacija-u-fabrika-i-selima-u-svilajncu-foto\/dublje2\/'><img loading=\"lazy\" decoding=\"async\" width=\"150\" height=\"150\" src=\"https:\/\/centralmedia.rs\/wp-content\/uploads\/2021\/04\/dublje2-150x150.jpg\" class=\"attachment-thumbnail size-thumbnail\" alt=\"\" \/><\/a>\n\t\t\t<\/div><\/figure>\n\t\t<\/div>\n\n<p>Zamenik predsednika op\u0161tine Svilajnac Dragana Radevi\u0107 obi\u0161la je punktove za vakcinaciju i jo\u0161 jednom pozvala sve na\u0161e sugra\u0111ane da se vakcini\u0161u bez prethodne prijave preko portala E-uprava:<\/p>\n<p>\u201cLjudi po mesnim zajednicama mogu da se prijave kod \u0161efova mesnih kancelarija za vakcinaciju i tamo gde bude dovoljan broj prijavljenih, a to je preko 20, bi\u0107e organizovana vakcinacija na terenu. Osim po selima, vakcinacija \u0107e se sprovesti i u JKP \u201cMorava\u201d Svilajnac\u201d \u2013 izjavila je ona.<\/p>\n<p>U Svilajncu se do sada vakcinisalo vi\u0161e od 5.000 ljudi.<\/p>\n<p>&nbsp;<\/p>\n","protected":false},"excerpt":{"rendered":"<p>SVILAJNAC-Kompanija Vossloh-Schwabe druga je kompanija u Svilajncu u kojoj je obaviljena vakcinacija zaposlenih, koji ka\u017eu da je va\u017eno pona\u0161ati se dru\u0161tveno odgovorno i doprineti stvaranju &hellip; <\/p>\n","protected":false},"author":2,"featured_media":26503,"comment_status":"open","ping_status":"open","sticky":false,"template":"","format":"standard","meta":{"footnotes":""},"categories":[28,1524,2,887,12,1517],"tags":[5079,909,38,2936],"_links":{"self":[{"href":"https:\/\/centralmedia.rs\/index.php\/wp-json\/wp\/v2\/posts\/26502"}],"collection":[{"href":"https:\/\/centralmedia.rs\/index.php\/wp-json\/wp\/v2\/posts"}],"about":[{"href":"https:\/\/centralmedia.rs\/index.php\/wp-json\/wp\/v2\/types\/post"}],"author":[{"embeddable":true,"href":"https:\/\/centralmedia.rs\/index.php\/wp-json\/wp\/v2\/users\/2"}],"replies":[{"embeddable":true,"href":"https:\/\/centralmedia.rs\/index.php\/wp-json\/wp\/v2\/comments?post=26502"}],"version-history":[{"count":1,"href":"https:\/\/centralmedia.rs\/index.php\/wp-json\/wp\/v2\/posts\/26502\/revisions"}],"predecessor-version":[{"id":26521,"href":"https:\/\/centralmedia.rs\/index.php\/wp-json\/wp\/v2\/posts\/26502\/revisions\/26521"}],"wp:featuredmedia":[{"embeddable":true,"href":"https:\/\/centralmedia.rs\/index.php\/wp-json\/wp\/v2\/media\/26503"}],"wp:attachment":[{"href":"https:\/\/centralmedia.rs\/index.php\/wp-json\/wp\/v2\/media?parent=26502"}],"wp:term":[{"taxonomy":"category","embeddable":true,"href":"https:\/\/centralmedia.rs\/index.php\/wp-json\/wp\/v2\/categories?post=26502"},{"taxonomy":"post_tag","embeddable":true,"href":"https:\/\/centralmedia.rs\/index.php\/wp-json\/wp\/v2\/tags?post=26502"}],"curies":[{"name":"wp","href":"https:\/\/api.w.org\/{rel}","templated":true}]}}