{"id":26524,"date":"2021-04-20T06:23:55","date_gmt":"2021-04-20T04:23:55","guid":{"rendered":"http:\/\/centralmedia.rs\/?p=26524"},"modified":"2022-01-04T18:40:55","modified_gmt":"2022-01-04T17:40:55","slug":"palma-ne-mora-tuzilastvo-da-zove-ici-cu-sam-da-kazem-da-sam-od-dilasove-glasnogovornice-cuo-najgnusnije-lazi-ikada-ali-morace-i-ta-gospoda-u-tuzilastvo","status":"publish","type":"post","link":"https:\/\/centralmedia.rs\/index.php\/2021\/04\/20\/palma-ne-mora-tuzilastvo-da-zove-ici-cu-sam-da-kazem-da-sam-od-dilasove-glasnogovornice-cuo-najgnusnije-lazi-ikada-ali-morace-i-ta-gospoda-u-tuzilastvo\/","title":{"rendered":"PALMA : NE MORA TU\u017dILA\u0160TVO DA ZOVE, I\u0106I \u0106U SAM DA KA\u017dEM DA SAM OD \u0110ILASOVE GLASNOGOVORNICE \u010cUO NAJGNUSNIJE LA\u017dI IKADA, ALI MORA\u0106E I TA GOSPO\u0110A U TU\u017dILA\u0160TVO."},"content":{"rendered":"<p>JAGODINA- Povodom iznetih optu\u017ebi Marinike Tepi\u0107 SSP i navodnog svedoka, za koga se ispostavilo da je istaknutni \u010dlan SSP, lider JS Dragan Markovi\u0107 Palma je reagovao.<\/p>\n<p>-Ono \u0161to je danas izgovorila gospo\u0111a, koja je glasnogovornica Dragana \u0110ilasa su najgnusnije la\u017ei koje sam ikada \u010duo. To, da ta gospo\u0111a la\u017ee, kao \u0161to sam nedavno rekao nije ni\u0161ta novo, to je ve\u0107 postala svakodnevnica. Jedino \u0161to je ta\u010dno \u0161to je rekla je to da \u0107e neko zbog svega ovoga morati u zatvor, a to \u0107e biti \u0110ilasova glasnogovornica, autor la\u017ei koje je danas izgovorila. Ako gospodine \u0110ilas mislite da la\u017eima skrenete pa\u017enju sa va\u0161ih sumnjivih poslova, tako \u0161to \u0107ete da pustite svoju glasnogovornicu da la\u017ee, vre\u0111a, napada sve u Srbiji, onda ste se grdno prevarili, izjavio je predsednik Jedinstvene Srbije Dragan Markovi\u0107 Palma povodom konferencije za novinare Marinike Tepi\u0107.<\/p>\n<p>-Tu\u017eila\u0161tvo ne mora da tro\u0161i papir za pozive, sam \u0107u sutra oti\u0107i da ka\u017eem da je \u0110ilasova glasnogovornica izrekla u\u017easne la\u017ei, ali \u0107e isto tako i \u0110ilasova glasnogovornica morati da do\u0111e u Tu\u017eila\u0161tvo i doka\u017ee to \u0161to pri\u010da, a mora\u0107e da do\u0111e i taj \u201cgospodin\u201d \u010diji su snimak pustili. Ako neko govori istinu, taj se ne krije. U \u0110ilasovoj hijerarhiji kao da su svi pravljeni na isti kalup i svi la\u017eu i oni i ti njihovi navodni svedoci. \u0110ilase i glasnogovornice, niti sam ja Bil Klinton, niti ste vi i te koje pominjete Monika Levinski. Da va\u0161im la\u017eima nema kraja pokazuju i re\u010di izgovorene na va\u0161oj konferenciji da je nekoga od nekoga strah u Jagodini, da se neki sele iz Jagodine. Iz Jagodine se ne seli niko, ve\u0107 se useljavaju ljudi sa porodicama. Glasnogovrnice, jedino \u0161to ste rekli, a da je istina je to, da \u0107e neko zbog svega ovoga morati u zatvor. Po\u0161to to nisam ja, jer nema za\u0161to, pripremite prugasto odelo, ka\u017ee Markovi\u0107.<\/p>\n<p>Potpredsednica Stranke slobode i pravde Marinika Tepi\u0107 iznela je optu\u017ebe na ra\u010dun predsednika Skup\u0161tine op\u0161tine Jagodina i lidera JS Dragana Markovi\u0107a Palme za podvo\u0111enje \u017eena i devoj\u010dica u Jagodini. Markovi\u0107 odbacuje optu\u017ebe i isti\u010de da je re\u010d o &#8220;najgnusnijim la\u017eima koje je ikada \u010duo&#8221;. Nasilje treba prijaviti, a ne \u0107utati, ka\u017ee Zorana Mihajlovi\u0107.<\/p>\n<p>Na konferenciji za novinare u sedi\u0161tu SSP-a je emitovan i snimak navodnog svedo\u010denja mu\u0161karca \u010diji je identitet za\u0161ti\u0107en i lik zamagljen, a koji tvrdi da je upu\u0107en u te slu\u010dajeve.<\/p>\n<p>Marinika Tepi\u0107 je rekla da je to razlog da tu\u017eila\u0161tvo reaguje, a da vlada padne, jer je, kako ka\u017ee, Markovi\u0107 deo vladaju\u0107e ve\u0107ine.<\/p>\n<p>Lider Jedinstvene Srbije Dragan Markovi\u0107 odbacio je optu\u017ebe Marinike Tepi\u0107 o podvo\u0111enju \u017eena u Jagodini, isti\u010du\u0107i da je re\u010d o &#8220;najgnusnijim la\u017eima koje je ikada \u010duo&#8221;.<\/p>\n<p>Kako je naveo u saop\u0161tenju, jedino ta\u010dno \u0161to je rekla je to da \u0107e neko zbog svega morati u zatvor.<\/p>\n<p>On \u0107e ve\u0107 sutra, kako navodi, oti\u0107i u Tu\u017eila\u0161tvo, ali dodaje da \u0107e to morati da uradi i Marinika Tepi\u0107 kako bi dokazala svoje tvrdnje.<\/p>\n<p>O\u010dekuje da se u Tu\u017eila\u0161tvu pojavi i mu\u0161karac \u010dije je svedocenje u video snimku prikazano na dana\u0161njoj konferenciji Marinike Tepi\u0107. &#8220;Ako neko govori istinu, taj se ne krije&#8221;, dodao je Markovi\u0107.<\/p>\n<p>Potpredsednica Vlade i predsednica Koordinacionog tela za rodnu ravnopravnost Zorana Mihajlovi\u0107 ka\u017ee da je sramotno i stra\u0161no ako je Marinika Tepi\u0107 znala za slu\u010dajeve zlostavljanja i podvo\u0111enja devojaka, a da je o tome je \u0107utala.<\/p>\n<p>Prvi put \u010dujem za slu\u010dajeve koje Marinika navodi, ali pozivam je jo\u0161 jednom da ako zna za to, neka prijavi nadle\u017enim institucijama, umesto \u0161to tako osetljivu temu, kako ka\u017ee, koristi za politikanstvo i skupljanje poena. Ona je istakla da je to nedopustivo i pogre\u0161no, dodav\u0161i da se postavlja i pitanje Tepi\u0107kinog sau\u010desni\u0161tva.<\/p>\n<p>Osniva\u010d Fondacije Tijana Juri\u0107, Igor Juri\u0107 izjavio je danas da nema nikave veze sa informacijama koje je iznela potpredsednica Stranke slobode i pravde Marinika Tepi\u0107, izme\u0111u ostalog i na ra\u010dun \u010delnika Jagodine Dragana Markovi\u0107a Palme da &#8220;podvodi \u017eene i devoj\u010dice&#8221;.<\/p>\n<p><img loading=\"lazy\" decoding=\"async\" class=\"alignnone wp-image-26525 size-full\" src=\"http:\/\/centralmedia.rs\/wp-content\/uploads\/2021\/04\/branislav-radosavljevic.jpg\" alt=\"\" width=\"770\" height=\"770\" srcset=\"https:\/\/centralmedia.rs\/wp-content\/uploads\/2021\/04\/branislav-radosavljevic.jpg 770w, https:\/\/centralmedia.rs\/wp-content\/uploads\/2021\/04\/branislav-radosavljevic-150x150.jpg 150w, https:\/\/centralmedia.rs\/wp-content\/uploads\/2021\/04\/branislav-radosavljevic-300x300.jpg 300w, https:\/\/centralmedia.rs\/wp-content\/uploads\/2021\/04\/branislav-radosavljevic-768x768.jpg 768w, https:\/\/centralmedia.rs\/wp-content\/uploads\/2021\/04\/branislav-radosavljevic-420x420.jpg 420w, https:\/\/centralmedia.rs\/wp-content\/uploads\/2021\/04\/branislav-radosavljevic-640x640.jpg 640w, https:\/\/centralmedia.rs\/wp-content\/uploads\/2021\/04\/branislav-radosavljevic-681x681.jpg 681w\" sizes=\"(max-width: 770px) 100vw, 770px\" \/><\/p>\n<p>POZNAT IDENTITET ,,SVEDOKA\u201d<\/p>\n<p>NA portalu Nova S, danas, je prikazano svedo\u010denje anonimnog mu\u0161karca o podvo\u0111enju devoj\u010dica u Jagodini. Kako tvrde iz Jedinstvene Srbije, ispstavilo se da \u010dovek koji je svedo\u010dio je \u010dlan Stranke slobode i pravde Dragana \u0110ilasa.<\/p>\n<p>Iza svedo\u010denja krije se Branislav Radosavljevi\u0107, a na prilo\u017eenim fotogarafijama mo\u017ee se videti da \u017eivi u Beogradu, kao i to da je \u010dlan \u0110ilasove stranke, ali i blizak saradnik Marinike Tepi\u0107, navode iz JS.<\/p>\n<p>Po satu koji se vidi na prilo\u017eenoj slici, ali i na snimku sa Nove S, mo\u017ee se videti da se radi o istoj osobi, tvrde iz JS.<\/p>\n","protected":false},"excerpt":{"rendered":"<p>JAGODINA- Povodom iznetih optu\u017ebi Marinike Tepi\u0107 SSP i navodnog svedoka, za koga se ispostavilo da je istaknutni \u010dlan SSP, lider JS Dragan Markovi\u0107 Palma je &hellip; <\/p>\n","protected":false},"author":2,"featured_media":16269,"comment_status":"open","ping_status":"open","sticky":false,"template":"","format":"standard","meta":{"footnotes":""},"categories":[1524,2,1514,5643,13,12],"tags":[58,5080,120,5081],"_links":{"self":[{"href":"https:\/\/centralmedia.rs\/index.php\/wp-json\/wp\/v2\/posts\/26524"}],"collection":[{"href":"https:\/\/centralmedia.rs\/index.php\/wp-json\/wp\/v2\/posts"}],"about":[{"href":"https:\/\/centralmedia.rs\/index.php\/wp-json\/wp\/v2\/types\/post"}],"author":[{"embeddable":true,"href":"https:\/\/centralmedia.rs\/index.php\/wp-json\/wp\/v2\/users\/2"}],"replies":[{"embeddable":true,"href":"https:\/\/centralmedia.rs\/index.php\/wp-json\/wp\/v2\/comments?post=26524"}],"version-history":[{"count":1,"href":"https:\/\/centralmedia.rs\/index.php\/wp-json\/wp\/v2\/posts\/26524\/revisions"}],"predecessor-version":[{"id":26526,"href":"https:\/\/centralmedia.rs\/index.php\/wp-json\/wp\/v2\/posts\/26524\/revisions\/26526"}],"wp:featuredmedia":[{"embeddable":true,"href":"https:\/\/centralmedia.rs\/index.php\/wp-json\/wp\/v2\/media\/16269"}],"wp:attachment":[{"href":"https:\/\/centralmedia.rs\/index.php\/wp-json\/wp\/v2\/media?parent=26524"}],"wp:term":[{"taxonomy":"category","embeddable":true,"href":"https:\/\/centralmedia.rs\/index.php\/wp-json\/wp\/v2\/categories?post=26524"},{"taxonomy":"post_tag","embeddable":true,"href":"https:\/\/centralmedia.rs\/index.php\/wp-json\/wp\/v2\/tags?post=26524"}],"curies":[{"name":"wp","href":"https:\/\/api.w.org\/{rel}","templated":true}]}}