{"id":2653,"date":"2016-04-11T15:38:22","date_gmt":"2016-04-11T15:38:22","guid":{"rendered":"http:\/\/centralmedia.rs\/?p=2653"},"modified":"2017-01-20T02:33:14","modified_gmt":"2017-01-20T02:33:14","slug":"rekonstrukcija-skole-doma-zdravlja","status":"publish","type":"post","link":"https:\/\/centralmedia.rs\/index.php\/2016\/04\/11\/rekonstrukcija-skole-doma-zdravlja\/","title":{"rendered":"REKONSTRUKCIJA \u0160KOLE I DOMA ZDRAVLJA"},"content":{"rendered":"<p>SVILAJANC-Predsednik op\u0161tine Svilajnac Predrag Milanovi\u0107 najavio je danas po\u010detak rekonstrukcije O\u0160 \u201eJovan Jovanovi\u0107 Zmaj\u201c i Doma zdravlja u Svilajncu. Dogovorena je izrada projekta za po\u010detak rekonstrukcije delova ovih ustanova.<br \/>\nOn je prilikom posete \u0161koli podsetio da je deo radova ranije realizovan, ali da postoji dosta toga \u0161to godinama nije sre\u0111ivano i \u0161to \u0107e biti sanirano ovom rekonstrukcijom.<\/p>\n<p>-Ono \u0161to mora hitno da se uradi to je kotlarnica, jer su kotlovi dotrajali, zatim \u0107e biti ura\u0111ena nova kuhinja i trpezarija, kao i mokri \u010dvorovi. Ukoliko ne dobijemo sredstva iz nekih donacija, ovaj posao \u0107emo uraditi iz bud\u017eeta op\u0161tine Svilajnac. Na isti na\u010din \u0107emo po\u010deti sa rekonstrukcijom nekih odeljenja Doma zdravlja Svilajnac. Za ve\u0107e radove, kao \u0161to su rekonstrukcija u\u010dionica i zamena krova i svih instalacija mora\u0107emo da \u010dekamo ili donacije ili da taj posao radimo mi u naredne dve, tri bud\u017eetske godine, izjavio je Milanovi\u0107 i dodao da \u0107emo, kad taj posao bude zavr\u0161en, mo\u0107i da ka\u017eemo da su svi javni objekti na teritoriji op\u0161tine Svilajnac rekonstruisani i da narednih 20 ili 30 godina niko ne\u0107e imati potrebe da radi ovaj posao.<a href=\"https:\/\/centralmedia.rs\/wp-content\/uploads\/2016\/04\/pera-2.jpg\" rel=\"attachment wp-att-2655\"><img loading=\"lazy\" decoding=\"async\" class=\"alignnone size-medium wp-image-2655\" src=\"https:\/\/centralmedia.rs\/wp-content\/uploads\/2016\/04\/pera-2-300x200.jpg\" alt=\"pera 2\" width=\"300\" height=\"200\" srcset=\"https:\/\/centralmedia.rs\/wp-content\/uploads\/2016\/04\/pera-2-300x200.jpg 300w, https:\/\/centralmedia.rs\/wp-content\/uploads\/2016\/04\/pera-2-768x512.jpg 768w, https:\/\/centralmedia.rs\/wp-content\/uploads\/2016\/04\/pera-2.jpg 960w\" sizes=\"(max-width: 300px) 100vw, 300px\" \/><\/a><br \/>\nProjektna dokumentacija za ove rekonstrukcije bi\u0107e zavr\u0161ena do kraja maja, a radovi \u0107e se izvr\u0161iti tokom letnje sezone.<\/p>\n<p>-Rekao bih jo\u0161 da je ova \u0161kola vrlo visoko ocenjena i spada u bolje \u0161kole u celoj Srbiji, i ovim putem se zahvaljujem svim prosvetnim radnicima koji posti\u017eu velike rezultate. Op\u0161tinsko rukovodstvo ceni to \u0161to iz ove \u0161kole izlaze dobri \u0111aci, sa dobrim rezultatima, pa \u0107emo se truditi da i uslovi budu na takvom nivou, istakao je Milanovi\u0107.<\/p>\n<p>&nbsp;<\/p>\n<p><strong><em>Svilajna\u010dka razglednica \u2013 Projekat se realizuje uz pomo\u0107 sredstava iz bud\u017eeta Op\u0161tine Svilajnac.<\/em><\/strong><\/p>\n<p>&nbsp;<\/p>\n","protected":false},"excerpt":{"rendered":"<p>SVILAJANC-Predsednik op\u0161tine Svilajnac Predrag Milanovi\u0107 najavio je danas po\u010detak rekonstrukcije O\u0160 \u201eJovan Jovanovi\u0107 Zmaj\u201c i Doma zdravlja u Svilajncu. Dogovorena je izrada projekta za po\u010detak &hellip; <\/p>\n","protected":false},"author":4,"featured_media":2654,"comment_status":"open","ping_status":"open","sticky":false,"template":"","format":"standard","meta":{"footnotes":""},"categories":[14,1524,2,887,12,1517],"tags":[39,686],"_links":{"self":[{"href":"https:\/\/centralmedia.rs\/index.php\/wp-json\/wp\/v2\/posts\/2653"}],"collection":[{"href":"https:\/\/centralmedia.rs\/index.php\/wp-json\/wp\/v2\/posts"}],"about":[{"href":"https:\/\/centralmedia.rs\/index.php\/wp-json\/wp\/v2\/types\/post"}],"author":[{"embeddable":true,"href":"https:\/\/centralmedia.rs\/index.php\/wp-json\/wp\/v2\/users\/4"}],"replies":[{"embeddable":true,"href":"https:\/\/centralmedia.rs\/index.php\/wp-json\/wp\/v2\/comments?post=2653"}],"version-history":[{"count":0,"href":"https:\/\/centralmedia.rs\/index.php\/wp-json\/wp\/v2\/posts\/2653\/revisions"}],"wp:featuredmedia":[{"embeddable":true,"href":"https:\/\/centralmedia.rs\/index.php\/wp-json\/wp\/v2\/media\/2654"}],"wp:attachment":[{"href":"https:\/\/centralmedia.rs\/index.php\/wp-json\/wp\/v2\/media?parent=2653"}],"wp:term":[{"taxonomy":"category","embeddable":true,"href":"https:\/\/centralmedia.rs\/index.php\/wp-json\/wp\/v2\/categories?post=2653"},{"taxonomy":"post_tag","embeddable":true,"href":"https:\/\/centralmedia.rs\/index.php\/wp-json\/wp\/v2\/tags?post=2653"}],"curies":[{"name":"wp","href":"https:\/\/api.w.org\/{rel}","templated":true}]}}