{"id":26551,"date":"2021-04-22T18:47:38","date_gmt":"2021-04-22T16:47:38","guid":{"rendered":"http:\/\/centralmedia.rs\/?p=26551"},"modified":"2022-01-04T18:40:22","modified_gmt":"2022-01-04T17:40:22","slug":"nove-izjave-palme-i-marinike-tepic-o-temi-koja-je-u-centru-paznje-javnosti","status":"publish","type":"post","link":"https:\/\/centralmedia.rs\/index.php\/2021\/04\/22\/nove-izjave-palme-i-marinike-tepic-o-temi-koja-je-u-centru-paznje-javnosti\/","title":{"rendered":"NOVE IZJAVE PALME I MARINIKE TEPI\u0106 O TEMI KOJA JE U CENTRU PA\u017dNJE JAVNOSTI"},"content":{"rendered":"<p>PALMA : MOTIV \u0110ILASA I NJEGOVE RADNICE ZA NAPAD NA MENE JE DA ME ZAUSTAVE DA PRI\u010cAM U PARLAMENTU O NJIMA. TEK \u0106U DA KA\u017dEM SVE \u0160TO IMAM KADA SE ZAVR\u0160I OVAJ POSTUPAK<\/p>\n<p>\u201ePozivam sve \u017ertve u Srbiji za sve slu\u010dajeve, a posebno one koje \u017eeli da prika\u017ee radnica Dragana \u0110ilasa Marinika Tepi\u0107, bez imena i prezimena, da odu i da se direktno jave nadle\u017enim organima, policiji i Tu\u017eila\u0161tvu. Te \u017ertve koje pominje radnica Dragana \u0110ilasa Marinika Tepi\u0107 ne postoje, niti postoji bilo ko, ko je imao bilo kakve neprijatnosti od mene ili drugih funkcionera lokalne samouprave u Jagodini. Radnica Dragana \u0110ilasa pominje i neke devojke koje rade u Javnom komunalnom preduze\u0107u \u201eStandard\u201c, a koje, kako ka\u017ee radnica Dragana \u0110ilasa, primaju platu, a ne dolaze na posao. I za to \u0107e biti tu\u017eena Marinika Tepi\u0107. U tom javnom preduze\u0107u sada ima 150 radnika manje nego \u0161to je bilo ranije, niko nije zapo\u0161ljen, osim nekoliko radnika koji kose trave i zalivaju cve\u0107e. Ona pominje i moj kabinet koji poziva i organizuje sva putovanja. \u0110ilas i njegova radnica Marinika Tepi\u0107 \u017eele da time devalviraju sva ta putovanja, rekav\u0161i da se na tim putovanjima sva\u0161ta radi, Ja sam od 2004. do sada 47 000 ljudi iz Jagodine i cele Srbije vodio u neku dr\u017eavu. I sve to su pratili i kamere i novinari. Napad na mene je po\u010deo kada sam u Skup\u0161tini Srbije pitao \u0110ilasa da ka\u017ee da li ima ili nema pare koje se pominju, 619 miloina evra i gde su i da li je platio porez na dobit. Motiv za napad na mene od strane \u0110ilasa i njegove radnice je da me zaustave da ne pri\u010dam u parlamentu i da ih pitam sve \u0161to su radili i kako su radili do sada i da ka\u017eu gra\u0111anima da na slede\u0107im izborima ne glasaju za mene kao li\u010dnost koju predstavljaju na na\u010din koji je dno dna i da tako profitiraju na izborima. Kada zavr\u0161i sve ovo re\u0107i \u0107u ko me sve napada i za\u0161to\u201c, rekao je, gostuju\u0107i na televiziji Hepi, predsednik Jedinstvene Srbije Dragan Markovi\u0107 Palma.<\/p>\n<p>DANAS 410 \u017dENA IZ JAGODINE TU\u017dI MARINIKU TEPI\u0106<\/p>\n<p>\u201eNjihov cilj je bio da sakriju navodnog svedoka, tako \u0161to su ga skrembovali, da ne bude dostupan nadle\u017enim organima. Za 15 minuta smo otkrili identitet tog la\u017enog i Marinikinog \u201eza\u0161ti\u0107enog\u201c svedoka. Svedok mora da ima kredibilitet i dokaze. A ovaj la\u017eni svedok pominje 2010. i 2011. godinu kao de\u0161avanja u hotelu \u201eAlfa\u201c u Kon\u010darevu, kada taj hotel nije postojao i pominje da je taj hotel moj, a nemam veze sa vlasni\u0161tvom tog hotela\u201c, rekao je Markovi\u0107. \u201eDajte svi vi koji smatrate da ste na bilo koji na\u010din \u017ertve, idite u policiju i tu\u017eila\u0161tvo i to prijavite. Ljudi, ja sam porodi\u010dan \u010dovek, imamo petoro unu\u010dadi, tri unuke, da tako ne\u0161to neko uradi mojim unukama, ja bi to zavr\u0161io pre suda\u201c, ka\u017ee Dragan Markovi\u0107 Palma. \u201eTa \u0110ilasova radnica ka\u017ee da se ja krijem iza \u017eena. Ona je uvredila sve \u017eene u Jagodini i sve koje rade u lokalnoj samoupravi i javnim preduze\u0107ima re\u010dima da se zapo\u0161ljavaju nakon \u0161to se dobro \u201edru\u017ee\u201c. \u0110ilasova radnica je uvredila sve \u017eene i njihove porodice i njih 410 \u0107e danas tu\u017eiti Mariniku Tepi\u0107 zbog toga.<\/p>\n<p>JA NISAM OKRIVLJENI. NE\u0106U DA SPAVAM DOK NEKO NE ODE U ZATVOR, JA ILI MARINIKA I \u0110ILAS<\/p>\n<p>\u201eNe\u0107u da spavam dok u zatvor ne ode Marinika Tepi\u0107 Dragan \u0110ilas ili ja. Ja nisam okrivljeni, sam sam oti\u0161ao u Tu\u017eila\u0161tvo i zatra\u017eio hitnu istragu. Pozivam ih sve da idemo na poligraf i \u0110ilas i Marinika i skremblovani svedok i ja. Ko ne pro\u0111e poligraf neka ide u zatvor. Za\u0161to to ne urade, \u010dega se pla\u0161e ?\u201c, upitao je Dragan Markovi\u0107 Palma. \u201eJa sam pravoslavac, napravio sam crkvu u Kon\u010darevu i \u201eTako mi moje ckrve\u201c, ne postoji niko ko je bio \u017ertva ili na bilo koji na\u010din zlostavljan, primoran, kako pominje Marinika Tepi\u0107. U crkvu koju sam napravio se kunem. Ne volim da se kunem u decu i unuke, Neka se \u0110ilas zakune u bilo \u0161ta da je istina to \u0161to pri\u010da njegova radnica Marinika Tepi\u0107. Ja sam \u010dovek koji prezire i kada u novinama pro\u010dita da neko zlostavlja \u017eene, a kamoli decu. To za \u0161ta me optu\u017euje Marinika Tepi\u0107 je ja\u010de od genocida, to nema termin. Da vidim te svedoke, iza\u0111ite bre ljudi. \u017delim da se istina dovede do kraja. Neka \u0110ilasova radnica izabere Tu\u017eaila\u0161tvo, koje god ho\u0107e i gde ho\u0107e. Ja se odmah sla\u017eem. Nema stajanja sa ovim, U zatvor ili Palma ili Marnika i \u0110ilas\u201c, poru\u010dio je predsednik Jedinstvene Srbije.<\/p>\n<p><strong>\u00a0<\/strong><\/p>\n<p>TEPI\u0106 KA\u017dE DA IMA VI\u0160E SVEDOKA NAVODNOG PODVO\u0110ENJA<\/p>\n<p>Potpredsednica Stranke slobode i pravde Marinika Tepi\u0107 izjavila je da ima vi\u0161e svedoka da je predsednik Jedinstvene Srbije Dragan Markovi\u0107 Palma navodno podvodio maloletnice i \u017eene u Jagodini. &#8220;Ne bih sebi dozvolila da rizikujem sa jednim iskazom i sa tako velikom temom koja bi sru\u0161ila svaku vladu, naravno da imam vi\u0161e svedoka&#8221;, rekla je Tepi\u0107. Kako je rekla, mnogo je svedoka tokom svih ovih godina i to se nije moglo lako prikriti.<\/p>\n<p>\u201eA ceo taj manir doma\u0107ina-gazde, cela taktika tih simpati\u010dnih gazdinskih odnosa prema stanovni\u0161tvu Jagodine, po mojim saznanjima kreirala se atmosfera da se svi osete kao deo porodice i da time bude te\u017ee da neko ka\u017ee Palma je uradio ovo, jer taj scenario stvaranja privatnog grada i zadu\u017eivanja, kada vodi decu na ekskruzije, studente, \u0161ta \u0107e \u010dovek od toliko godina da voda negde. Time se oni navikavaju na njega, gra\u0111ani se anesteziraju zbog tih manira koji nisi u slu\u010dajni i onda se time stvara zadr\u0161ka kada treba da se ka\u017ee ovo nije u redu\u201c, isti\u010de Tepi\u0107.<\/p>\n<p>Potpredsednica SSP je pro\u010ditala i jo\u0161 jedan iskaz, kako je rekla, \u201efunkcionera koji je tome svedo\u010dio godinama, od mandata 2008. do sada\u201c, sa, kako navodi, brojih \u201epoliti\u010dko-privrednih\u201c putovanja u Paraliju, Be\u010d, Rim, Pariz.<\/p>\n<p>Ona je ispri\u010dala i da za takozvane \u201etelefone za dru\u017eenje\u201c postoji svedok, koji je ispri\u010dao \u0161ta se de\u0161avalo.<\/p>\n<p>Navodi da joj se obra\u0107a veliki broj gra\u0111ana i da je po\u010delo da pristi\u017ee puno svedo\u010denja.<\/p>\n<p>\u201eObra\u0107ale su se i \u017ertve, deo je u inostranstvu i one su hrabrije, jer nemaju fizi\u010dki strah od ugro\u017eene bezbednosti, ali ima svedoka i iz Jagodine\u201c, ka\u017ee Tepi\u0107.<\/p>\n<p>Tepi\u0107 je istakla i da je Dragan Markovi\u0107 u Skup\u0161tini Srbije \u201esudio\u201c svedoku \u010diji je iskaz pustila na konferenciji za novinare i poku\u0161ao da ga kompromituje.<\/p>\n<p>\u201eSveodci mogu da budu i kriminalci, su\u0161tina je da li je isitina ono \u0161ta su rekli o Palmi. Za sve \u0161to treba da odgovaraju nek odgovaraju i oni i Marinika\u2026 Su\u0161tina je da li je ovo ta\u010dno, a ta\u010dno je. On ima dokaze da je bio zaposlen u Palminom hotelu, ima dokaze u PIO fondu i radnoj knji\u017eici. A Palma se krije iza \u017eenskih suknji, da bi one podnele prijavu protiv mene a on da vr\u0161i uticaj na svedoke. On je u Skup\u0161tini vr\u0161io sudski proces svedoku i time vr\u0161io pritisak na druge, koji bi se ohrabrili da iza\u0111u. I tu\u017eila\u0161tvo reaguje tek kada gazda Palma ka\u017ee da reaguje. Prvi tu\u017eilac Zagorka Dolovac ne postoji. Ja sam o\u010dekivala bar sada. Da iza\u0111e i ka\u017ee s ministrom policije \u2013 drage devojke, \u017eene, majke, bra\u0107o, verujte u dr\u017eavu, mi vas branimo i \u0161titimo\u201c, ka\u017ee Tepi\u0107.<\/p>\n<p>&nbsp;<\/p>\n<p>&nbsp;<\/p>\n","protected":false},"excerpt":{"rendered":"<p>PALMA : MOTIV \u0110ILASA I NJEGOVE RADNICE ZA NAPAD NA MENE JE DA ME ZAUSTAVE DA PRI\u010cAM U PARLAMENTU O NJIMA. TEK \u0106U DA KA\u017dEM &hellip; <\/p>\n","protected":false},"author":2,"featured_media":26452,"comment_status":"open","ping_status":"open","sticky":false,"template":"","format":"standard","meta":{"footnotes":""},"categories":[14,1524,2,5643,1514,887,12],"tags":[5080,120,5089],"_links":{"self":[{"href":"https:\/\/centralmedia.rs\/index.php\/wp-json\/wp\/v2\/posts\/26551"}],"collection":[{"href":"https:\/\/centralmedia.rs\/index.php\/wp-json\/wp\/v2\/posts"}],"about":[{"href":"https:\/\/centralmedia.rs\/index.php\/wp-json\/wp\/v2\/types\/post"}],"author":[{"embeddable":true,"href":"https:\/\/centralmedia.rs\/index.php\/wp-json\/wp\/v2\/users\/2"}],"replies":[{"embeddable":true,"href":"https:\/\/centralmedia.rs\/index.php\/wp-json\/wp\/v2\/comments?post=26551"}],"version-history":[{"count":1,"href":"https:\/\/centralmedia.rs\/index.php\/wp-json\/wp\/v2\/posts\/26551\/revisions"}],"predecessor-version":[{"id":26552,"href":"https:\/\/centralmedia.rs\/index.php\/wp-json\/wp\/v2\/posts\/26551\/revisions\/26552"}],"wp:featuredmedia":[{"embeddable":true,"href":"https:\/\/centralmedia.rs\/index.php\/wp-json\/wp\/v2\/media\/26452"}],"wp:attachment":[{"href":"https:\/\/centralmedia.rs\/index.php\/wp-json\/wp\/v2\/media?parent=26551"}],"wp:term":[{"taxonomy":"category","embeddable":true,"href":"https:\/\/centralmedia.rs\/index.php\/wp-json\/wp\/v2\/categories?post=26551"},{"taxonomy":"post_tag","embeddable":true,"href":"https:\/\/centralmedia.rs\/index.php\/wp-json\/wp\/v2\/tags?post=26551"}],"curies":[{"name":"wp","href":"https:\/\/api.w.org\/{rel}","templated":true}]}}