{"id":26559,"date":"2021-04-23T05:58:49","date_gmt":"2021-04-23T05:58:49","guid":{"rendered":"http:\/\/centralmedia.rs\/?p=26559"},"modified":"2021-04-27T18:22:55","modified_gmt":"2021-04-27T18:22:55","slug":"nezakonita-naplata-u-vrticu","status":"publish","type":"post","link":"https:\/\/centralmedia.rs\/index.php\/2021\/04\/23\/nezakonita-naplata-u-vrticu\/","title":{"rendered":"NEZAKONITA NAPLATA U VRTI\u0106U"},"content":{"rendered":"<p>SVILAJNAC-Na osnovu informacija dobijenih od roditelja, Op\u0161tina Svilajnac do\u0161la je do saznanja da je PU \u201eDe\u010dja radost\u201c iz Svilajnca vr\u0161ila naplatu svojih usluga za one mesece kada deca nisu koristila usluge vrti\u0107a. Predsednik op\u0161tine Svilajnac Predrag Milanovi\u0107 rekao je da je ova naplata vr\u0161ena suprotno Pravilniku Ministarstva prosvete iz 2014. godine i obavezuju\u0107oj Naredbi \u0160taba za vanredne situacije op\u0161tine Svilajnac od 16. marta 2020. godine:<\/p>\n<p>\u201eNaredba Kriznog \u0161taba op\u0161tine Svilajnac jasno ka\u017ee da deca koja ne idu u vrti\u0107 dok traje vanredna situacija, a podse\u0107am gra\u0111ane op\u0161tine Svilajnac da je vanredna situacija i dalje na snazi, ne treba da pla\u0107aju taj pau\u0161al od 50% redovne cene koji se pla\u0107a tokom redovnog stanja. Na \u017ealost, PU \u201eDe\u010dja radost\u201c napla\u0107ivala je taj pau\u0161al mimo Pravilnika i Naredbe, i prema na\u0161im prvim nezvani\u010dnim procenama preko milion dinara je od roditelja napla\u0107eno protivzakonito. Poslali smo i bud\u017eetsku i prosvetnu inspekciju kako bi se do dinara utvrdilo koliko je napla\u0107eno od roditelja i kako bi se u toku maja taj novac vratio roditeljima\u201c \u2013 izjavio je Milanovi\u0107 dodav\u0161i da \u0107e lokalna samouprava preduzeti sve zakonske mere prema odgovornom licu.<\/p>\n<p>\u201eTako\u0111e, smatramo da ovakav na\u010din vo\u0111enja vrti\u0107a nije dobar ni za radnike te ustanove, ni za decu, ni za njihove roditelje. Nadam se da \u0107emo ovaj poslednji u nizu problema ubrzo da razre\u0161imo, obrati\u0107emo se i Ministarstvu prosvete\u201c \u2013 rekao je Milanovi\u0107.<\/p>\n<p><img loading=\"lazy\" decoding=\"async\" class=\"alignnone wp-image-26560 size-full\" src=\"http:\/\/centralmedia.rs\/wp-content\/uploads\/2021\/04\/vrtic.jpg\" alt=\"\" width=\"500\" height=\"600\" srcset=\"https:\/\/centralmedia.rs\/wp-content\/uploads\/2021\/04\/vrtic.jpg 500w, https:\/\/centralmedia.rs\/wp-content\/uploads\/2021\/04\/vrtic-250x300.jpg 250w, https:\/\/centralmedia.rs\/wp-content\/uploads\/2021\/04\/vrtic-350x420.jpg 350w\" sizes=\"(max-width: 500px) 100vw, 500px\" \/><\/p>\n<p>Usledio je demant iz PU De\u010dija radost<\/p>\n<p><img loading=\"lazy\" decoding=\"async\" class=\"alignnone wp-image-26638 size-large\" src=\"http:\/\/centralmedia.rs\/wp-content\/uploads\/2021\/04\/demant-768x1024.jpg\" alt=\"\" width=\"640\" height=\"853\" srcset=\"https:\/\/centralmedia.rs\/wp-content\/uploads\/2021\/04\/demant-768x1024.jpg 768w, https:\/\/centralmedia.rs\/wp-content\/uploads\/2021\/04\/demant-225x300.jpg 225w, https:\/\/centralmedia.rs\/wp-content\/uploads\/2021\/04\/demant-315x420.jpg 315w, https:\/\/centralmedia.rs\/wp-content\/uploads\/2021\/04\/demant-640x853.jpg 640w, https:\/\/centralmedia.rs\/wp-content\/uploads\/2021\/04\/demant-681x908.jpg 681w, https:\/\/centralmedia.rs\/wp-content\/uploads\/2021\/04\/demant.jpg 1200w\" sizes=\"(max-width: 640px) 100vw, 640px\" \/><\/p>\n","protected":false},"excerpt":{"rendered":"<p>SVILAJNAC-Na osnovu informacija dobijenih od roditelja, Op\u0161tina Svilajnac do\u0161la je do saznanja da je PU \u201eDe\u010dja radost\u201c iz Svilajnca vr\u0161ila naplatu svojih usluga za one &hellip; <\/p>\n","protected":false},"author":2,"featured_media":26560,"comment_status":"open","ping_status":"open","sticky":false,"template":"","format":"standard","meta":{"footnotes":""},"categories":[14,1524,2,887,12,1517],"tags":[5090,2924,38,1013],"_links":{"self":[{"href":"https:\/\/centralmedia.rs\/index.php\/wp-json\/wp\/v2\/posts\/26559"}],"collection":[{"href":"https:\/\/centralmedia.rs\/index.php\/wp-json\/wp\/v2\/posts"}],"about":[{"href":"https:\/\/centralmedia.rs\/index.php\/wp-json\/wp\/v2\/types\/post"}],"author":[{"embeddable":true,"href":"https:\/\/centralmedia.rs\/index.php\/wp-json\/wp\/v2\/users\/2"}],"replies":[{"embeddable":true,"href":"https:\/\/centralmedia.rs\/index.php\/wp-json\/wp\/v2\/comments?post=26559"}],"version-history":[{"count":4,"href":"https:\/\/centralmedia.rs\/index.php\/wp-json\/wp\/v2\/posts\/26559\/revisions"}],"predecessor-version":[{"id":26639,"href":"https:\/\/centralmedia.rs\/index.php\/wp-json\/wp\/v2\/posts\/26559\/revisions\/26639"}],"wp:featuredmedia":[{"embeddable":true,"href":"https:\/\/centralmedia.rs\/index.php\/wp-json\/wp\/v2\/media\/26560"}],"wp:attachment":[{"href":"https:\/\/centralmedia.rs\/index.php\/wp-json\/wp\/v2\/media?parent=26559"}],"wp:term":[{"taxonomy":"category","embeddable":true,"href":"https:\/\/centralmedia.rs\/index.php\/wp-json\/wp\/v2\/categories?post=26559"},{"taxonomy":"post_tag","embeddable":true,"href":"https:\/\/centralmedia.rs\/index.php\/wp-json\/wp\/v2\/tags?post=26559"}],"curies":[{"name":"wp","href":"https:\/\/api.w.org\/{rel}","templated":true}]}}