{"id":26562,"date":"2021-04-23T06:02:04","date_gmt":"2021-04-23T06:02:04","guid":{"rendered":"http:\/\/centralmedia.rs\/?p=26562"},"modified":"2021-04-26T15:47:14","modified_gmt":"2021-04-26T15:47:14","slug":"opstina-obezbedila-dezinfekciona-sredstva-za-sve-ucenike-skola","status":"publish","type":"post","link":"https:\/\/centralmedia.rs\/index.php\/2021\/04\/23\/opstina-obezbedila-dezinfekciona-sredstva-za-sve-ucenike-skola\/","title":{"rendered":"OP\u0160TINA OBEZBEDILA DEZINFEKCIONA SREDSTVA ZA SVE U\u010cENIKE \u0160KOLA"},"content":{"rendered":"<p>SVILAJNAC-Op\u0161tina Svilajnac nabavila je dezinfekciona sredstva za sve u\u010denike osnovnih i srednjih \u0161kola sa teritorije op\u0161tine i ta sredstva su uru\u010dena direktorima \u0161kola, koji \u0107e svakom u\u010deniku podeliti po bo\u010dicu. Predsednik op\u0161tine Svilajnac Predrag Milanovi\u0107 rekao je da op\u0161tina Svilajnac odvojila milion dinara za ovu namenu:<\/p>\n<p>\u201eSredstva za dezinfekciju ruku i povr\u0161ina dobi\u0107e svi u\u010denici na\u0161ih \u0161kola, kojih ima oko 2.500 i ovo radimo paralelno sa dezinfekcijom javnih povr\u0161ina. Ovo su sredstva za odr\u017eavanje li\u010dne higijene, namenjena svima i u potpunosti bezbedna za decu\u201c \u2013 izjavio je on dodav\u0161i da \u0107e slede\u0107e nedelje ova sredstva biti podeljena i porodicama koje su korisnici Centra za socijalni rad:<\/p>\n<p>\u201ePlaniramo da naredne nedelje, pred Uskrs, podelimo jo\u0161 400 paketa osnovnih namirnica i sredstva za higijenu za porodice korisnike Centra za socijalni rad. Tako\u0111e, ove porodice informisa\u0107emo o vakcinaciji, pru\u017eiti im svu pomo\u0107 i podr\u0161ku za prijavu ili samu imunizaciju na terenu\u201c \u2013 objasnio je Milanovi\u0107.<\/p>\n<div id='gallery-1' class='gallery galleryid-26562 gallery-columns-3 gallery-size-full'><figure class='gallery-item'>\n\t\t\t<div class='gallery-icon landscape'>\n\t\t\t\t<a href='https:\/\/centralmedia.rs\/index.php\/2021\/04\/23\/opstina-obezbedila-dezinfekciona-sredstva-za-sve-ucenike-skola\/dezinfekcija-6\/'><img loading=\"lazy\" decoding=\"async\" width=\"2048\" height=\"1365\" src=\"https:\/\/centralmedia.rs\/wp-content\/uploads\/2021\/04\/dezinfekcija.jpg\" class=\"attachment-full size-full\" alt=\"\" srcset=\"https:\/\/centralmedia.rs\/wp-content\/uploads\/2021\/04\/dezinfekcija.jpg 2048w, https:\/\/centralmedia.rs\/wp-content\/uploads\/2021\/04\/dezinfekcija-300x200.jpg 300w, https:\/\/centralmedia.rs\/wp-content\/uploads\/2021\/04\/dezinfekcija-768x512.jpg 768w, https:\/\/centralmedia.rs\/wp-content\/uploads\/2021\/04\/dezinfekcija-1024x683.jpg 1024w, https:\/\/centralmedia.rs\/wp-content\/uploads\/2021\/04\/dezinfekcija-630x420.jpg 630w, https:\/\/centralmedia.rs\/wp-content\/uploads\/2021\/04\/dezinfekcija-640x427.jpg 640w, https:\/\/centralmedia.rs\/wp-content\/uploads\/2021\/04\/dezinfekcija-681x454.jpg 681w\" sizes=\"(max-width: 2048px) 100vw, 2048px\" \/><\/a>\n\t\t\t<\/div><\/figure><figure class='gallery-item'>\n\t\t\t<div class='gallery-icon landscape'>\n\t\t\t\t<a href='https:\/\/centralmedia.rs\/index.php\/2021\/04\/23\/opstina-obezbedila-dezinfekciona-sredstva-za-sve-ucenike-skola\/dezinfekcija1-3\/'><img loading=\"lazy\" decoding=\"async\" width=\"2048\" height=\"1365\" src=\"https:\/\/centralmedia.rs\/wp-content\/uploads\/2021\/04\/dezinfekcija1.jpg\" class=\"attachment-full size-full\" alt=\"\" srcset=\"https:\/\/centralmedia.rs\/wp-content\/uploads\/2021\/04\/dezinfekcija1.jpg 2048w, https:\/\/centralmedia.rs\/wp-content\/uploads\/2021\/04\/dezinfekcija1-300x200.jpg 300w, https:\/\/centralmedia.rs\/wp-content\/uploads\/2021\/04\/dezinfekcija1-768x512.jpg 768w, https:\/\/centralmedia.rs\/wp-content\/uploads\/2021\/04\/dezinfekcija1-1024x683.jpg 1024w, https:\/\/centralmedia.rs\/wp-content\/uploads\/2021\/04\/dezinfekcija1-630x420.jpg 630w, https:\/\/centralmedia.rs\/wp-content\/uploads\/2021\/04\/dezinfekcija1-640x427.jpg 640w, https:\/\/centralmedia.rs\/wp-content\/uploads\/2021\/04\/dezinfekcija1-681x454.jpg 681w\" sizes=\"(max-width: 2048px) 100vw, 2048px\" \/><\/a>\n\t\t\t<\/div><\/figure><figure class='gallery-item'>\n\t\t\t<div class='gallery-icon landscape'>\n\t\t\t\t<a href='https:\/\/centralmedia.rs\/index.php\/2021\/04\/23\/opstina-obezbedila-dezinfekciona-sredstva-za-sve-ucenike-skola\/dezinfekcija2-3\/'><img loading=\"lazy\" decoding=\"async\" width=\"2048\" height=\"1365\" src=\"https:\/\/centralmedia.rs\/wp-content\/uploads\/2021\/04\/dezinfekcija2.jpg\" class=\"attachment-full size-full\" alt=\"\" srcset=\"https:\/\/centralmedia.rs\/wp-content\/uploads\/2021\/04\/dezinfekcija2.jpg 2048w, https:\/\/centralmedia.rs\/wp-content\/uploads\/2021\/04\/dezinfekcija2-300x200.jpg 300w, https:\/\/centralmedia.rs\/wp-content\/uploads\/2021\/04\/dezinfekcija2-768x512.jpg 768w, https:\/\/centralmedia.rs\/wp-content\/uploads\/2021\/04\/dezinfekcija2-1024x683.jpg 1024w, https:\/\/centralmedia.rs\/wp-content\/uploads\/2021\/04\/dezinfekcija2-630x420.jpg 630w, https:\/\/centralmedia.rs\/wp-content\/uploads\/2021\/04\/dezinfekcija2-640x427.jpg 640w, https:\/\/centralmedia.rs\/wp-content\/uploads\/2021\/04\/dezinfekcija2-681x454.jpg 681w\" sizes=\"(max-width: 2048px) 100vw, 2048px\" \/><\/a>\n\t\t\t<\/div><\/figure>\n\t\t<\/div>\n\n","protected":false},"excerpt":{"rendered":"<p>SVILAJNAC-Op\u0161tina Svilajnac nabavila je dezinfekciona sredstva za sve u\u010denike osnovnih i srednjih \u0161kola sa teritorije op\u0161tine i ta sredstva su uru\u010dena direktorima \u0161kola, koji \u0107e &hellip; <\/p>\n","protected":false},"author":2,"featured_media":26563,"comment_status":"open","ping_status":"open","sticky":false,"template":"","format":"standard","meta":{"footnotes":""},"categories":[14,1524,2,887,12,1517],"tags":[5091,662,38,196],"_links":{"self":[{"href":"https:\/\/centralmedia.rs\/index.php\/wp-json\/wp\/v2\/posts\/26562"}],"collection":[{"href":"https:\/\/centralmedia.rs\/index.php\/wp-json\/wp\/v2\/posts"}],"about":[{"href":"https:\/\/centralmedia.rs\/index.php\/wp-json\/wp\/v2\/types\/post"}],"author":[{"embeddable":true,"href":"https:\/\/centralmedia.rs\/index.php\/wp-json\/wp\/v2\/users\/2"}],"replies":[{"embeddable":true,"href":"https:\/\/centralmedia.rs\/index.php\/wp-json\/wp\/v2\/comments?post=26562"}],"version-history":[{"count":1,"href":"https:\/\/centralmedia.rs\/index.php\/wp-json\/wp\/v2\/posts\/26562\/revisions"}],"predecessor-version":[{"id":26567,"href":"https:\/\/centralmedia.rs\/index.php\/wp-json\/wp\/v2\/posts\/26562\/revisions\/26567"}],"wp:featuredmedia":[{"embeddable":true,"href":"https:\/\/centralmedia.rs\/index.php\/wp-json\/wp\/v2\/media\/26563"}],"wp:attachment":[{"href":"https:\/\/centralmedia.rs\/index.php\/wp-json\/wp\/v2\/media?parent=26562"}],"wp:term":[{"taxonomy":"category","embeddable":true,"href":"https:\/\/centralmedia.rs\/index.php\/wp-json\/wp\/v2\/categories?post=26562"},{"taxonomy":"post_tag","embeddable":true,"href":"https:\/\/centralmedia.rs\/index.php\/wp-json\/wp\/v2\/tags?post=26562"}],"curies":[{"name":"wp","href":"https:\/\/api.w.org\/{rel}","templated":true}]}}