{"id":26576,"date":"2021-04-23T16:54:46","date_gmt":"2021-04-23T14:54:46","guid":{"rendered":"http:\/\/centralmedia.rs\/?p=26576"},"modified":"2022-01-04T18:39:45","modified_gmt":"2022-01-04T17:39:45","slug":"predmet-marinika-tepic-protiv-dragana-markovica-palme-premesten-u-kraljevo","status":"publish","type":"post","link":"https:\/\/centralmedia.rs\/index.php\/2021\/04\/23\/predmet-marinika-tepic-protiv-dragana-markovica-palme-premesten-u-kraljevo\/","title":{"rendered":"Predmet Marinika Tepi\u0107 protiv Dragana Markovi\u0107a Palme preme\u0161ten u Kraljevo"},"content":{"rendered":"<p>Apelaciono javno tu\u017eila\u0161tvo u Kragujevcu odlu\u010dilo je da za postupanje u predmetu povodom navoda Marinike Tepi\u0107 protiv Dragana Markovi\u0107a Palme ovlasti Vi\u0161e javno tu\u017eila\u0161tvo u Kraljevu.<\/p>\n<p>Ovu odluku je donelo, odlu\u010duju\u0107i po predlogu za supstituciju Vi\u0161eg javnog tu\u017eila\u0161tva u Jagodini.<\/p>\n<p>U saop\u0161tenju Apelacionog javnog tu\u017eila\u0161tva u Kragujevcu, koje je dostavljeno\u00a0<em>Tanjugu<\/em>, precizira se da je to tu\u017eila\u0161tvo &#8220;po predlogu za supstituciju Vi\u0161eg javnog tu\u017eila\u0161tva u Jagodini, u predmetu tog tu\u017eila\u0161tva koji je formiran u vezi sa saop\u0161tenjem potpredsednice Stranke slobode i pravde Marinike Tepi\u0107\u00a0sa konferencije za \u0161tampu od 19. aprila, danas, iz stvarnih razloga, donelo odluku o supstituciji kojom je ovlastilo Vi\u0161e javno tu\u017eila\u0161tvo u Kraljevu da postupa u tom predmetu&#8221;.<\/p>\n<p>Supstitucija nadle\u017enosti podrazumeva izme\u0161tanje nadle\u017enosti i to zna\u010di da \u0107e ovaj predmet, koji je pokrenut u Jagodini, nastaviti da vodi tu\u017eila\u0161tvo u Kraljevu.<\/p>\n<p>Tepi\u0107eva je predsednika Skup\u0161tine op\u0161tine Jagodine i lidera Jedinstvene Srbije Dragana Markovi\u0107a Palmu ozna\u010dila kao odgovornog<strong>\u00a0<\/strong>za podvo\u0111enje \u017eena i devojaka u Jagodini.<\/p>\n<p>Vi\u0161e javno tu\u017eila\u0161tvo u Jagodini je ve\u0107\u00a0nalo\u017eilo policiji da prikupi informacije\u00a0i obave\u0161tenja o navodima Tepi\u0107eve i da ispita sve pomenute osobe u tom slu\u010daju.<\/p>\n<p>Markovi\u0107 je, ina\u010de, odbacio sve optu\u017ebe kao la\u017ene.<\/p>\n<p>Potpredsednica Stranke slobode i pravde Marinika Tepi\u0107 objavila je da \u0107e u ponedeljak u 13 sati dati iskaz u policiji u Jagodini u vezi sa saznanjima oko podvo\u0111enja maloletnica o \u010demu je govorila prethodnih dana.<\/p>\n<p>&nbsp;<\/p>\n","protected":false},"excerpt":{"rendered":"<p>Apelaciono javno tu\u017eila\u0161tvo u Kragujevcu odlu\u010dilo je da za postupanje u predmetu povodom navoda Marinike Tepi\u0107 protiv Dragana Markovi\u0107a Palme ovlasti Vi\u0161e javno tu\u017eila\u0161tvo u &hellip; <\/p>\n","protected":false},"author":2,"featured_media":22205,"comment_status":"open","ping_status":"open","sticky":false,"template":"","format":"standard","meta":{"footnotes":""},"categories":[1524,20,2,5643,1514,887,12],"tags":[58,1509,120,5077,853],"_links":{"self":[{"href":"https:\/\/centralmedia.rs\/index.php\/wp-json\/wp\/v2\/posts\/26576"}],"collection":[{"href":"https:\/\/centralmedia.rs\/index.php\/wp-json\/wp\/v2\/posts"}],"about":[{"href":"https:\/\/centralmedia.rs\/index.php\/wp-json\/wp\/v2\/types\/post"}],"author":[{"embeddable":true,"href":"https:\/\/centralmedia.rs\/index.php\/wp-json\/wp\/v2\/users\/2"}],"replies":[{"embeddable":true,"href":"https:\/\/centralmedia.rs\/index.php\/wp-json\/wp\/v2\/comments?post=26576"}],"version-history":[{"count":1,"href":"https:\/\/centralmedia.rs\/index.php\/wp-json\/wp\/v2\/posts\/26576\/revisions"}],"predecessor-version":[{"id":26577,"href":"https:\/\/centralmedia.rs\/index.php\/wp-json\/wp\/v2\/posts\/26576\/revisions\/26577"}],"wp:featuredmedia":[{"embeddable":true,"href":"https:\/\/centralmedia.rs\/index.php\/wp-json\/wp\/v2\/media\/22205"}],"wp:attachment":[{"href":"https:\/\/centralmedia.rs\/index.php\/wp-json\/wp\/v2\/media?parent=26576"}],"wp:term":[{"taxonomy":"category","embeddable":true,"href":"https:\/\/centralmedia.rs\/index.php\/wp-json\/wp\/v2\/categories?post=26576"},{"taxonomy":"post_tag","embeddable":true,"href":"https:\/\/centralmedia.rs\/index.php\/wp-json\/wp\/v2\/tags?post=26576"}],"curies":[{"name":"wp","href":"https:\/\/api.w.org\/{rel}","templated":true}]}}