{"id":26582,"date":"2021-04-23T17:19:13","date_gmt":"2021-04-23T17:19:13","guid":{"rendered":"http:\/\/centralmedia.rs\/?p=26582"},"modified":"2021-04-26T15:48:33","modified_gmt":"2021-04-26T15:48:33","slug":"roditelji-dostavili-uplate","status":"publish","type":"post","link":"https:\/\/centralmedia.rs\/index.php\/2021\/04\/23\/roditelji-dostavili-uplate\/","title":{"rendered":"RODITELJI DOSTAVILI UPLATE"},"content":{"rendered":"<p>SVILAJNAC-Roditelji dece koja poha\u0111aju PU \u201eDe\u010dja radost\u201c Svilajnac dostavili su Op\u0161tini Svilajnac dokaze da su pla\u0107ali re\u017eijske tro\u0161kove u iznosu od 50 odsto ukupne cene i za one mesece i dane kada njihova deca nisu koristila usluge Vrti\u0107a, \u0161to zna\u010di da je PU \u201eDe\u010dja radost\u201c ovu naplatu vr\u0161ila suprotno Naredbi \u0160taba za vanredne situacije op\u0161tine Svilajnac, stoji u saop\u0161tenju te op\u0161tine na dru\u0161tvenim mre\u017eama.<\/p>\n<div id='gallery-1' class='gallery galleryid-26582 gallery-columns-5 gallery-size-thumbnail'><figure class='gallery-item'>\n\t\t\t<div class='gallery-icon landscape'>\n\t\t\t\t<a href='https:\/\/centralmedia.rs\/index.php\/2021\/04\/23\/roditelji-dostavili-uplate\/uplata1\/'><img loading=\"lazy\" decoding=\"async\" width=\"150\" height=\"150\" src=\"https:\/\/centralmedia.rs\/wp-content\/uploads\/2021\/04\/uplata1-150x150.jpg\" class=\"attachment-thumbnail size-thumbnail\" alt=\"\" \/><\/a>\n\t\t\t<\/div><\/figure><figure class='gallery-item'>\n\t\t\t<div class='gallery-icon landscape'>\n\t\t\t\t<a href='https:\/\/centralmedia.rs\/index.php\/2021\/04\/23\/roditelji-dostavili-uplate\/uplata2\/'><img loading=\"lazy\" decoding=\"async\" width=\"150\" height=\"150\" src=\"https:\/\/centralmedia.rs\/wp-content\/uploads\/2021\/04\/uplata2-150x150.jpg\" class=\"attachment-thumbnail size-thumbnail\" alt=\"\" \/><\/a>\n\t\t\t<\/div><\/figure><figure class='gallery-item'>\n\t\t\t<div class='gallery-icon landscape'>\n\t\t\t\t<a href='https:\/\/centralmedia.rs\/index.php\/2021\/04\/23\/roditelji-dostavili-uplate\/uplata3\/'><img loading=\"lazy\" decoding=\"async\" width=\"150\" height=\"150\" src=\"https:\/\/centralmedia.rs\/wp-content\/uploads\/2021\/04\/uplata3-150x150.jpg\" class=\"attachment-thumbnail size-thumbnail\" alt=\"\" \/><\/a>\n\t\t\t<\/div><\/figure><figure class='gallery-item'>\n\t\t\t<div class='gallery-icon landscape'>\n\t\t\t\t<a href='https:\/\/centralmedia.rs\/index.php\/2021\/04\/23\/roditelji-dostavili-uplate\/uplata4\/'><img loading=\"lazy\" decoding=\"async\" width=\"150\" height=\"150\" src=\"https:\/\/centralmedia.rs\/wp-content\/uploads\/2021\/04\/uplata4-150x150.jpg\" class=\"attachment-thumbnail size-thumbnail\" alt=\"\" \/><\/a>\n\t\t\t<\/div><\/figure><figure class='gallery-item'>\n\t\t\t<div class='gallery-icon portrait'>\n\t\t\t\t<a href='https:\/\/centralmedia.rs\/index.php\/2021\/04\/23\/roditelji-dostavili-uplate\/vrtic-11\/'><img loading=\"lazy\" decoding=\"async\" width=\"150\" height=\"150\" src=\"https:\/\/centralmedia.rs\/wp-content\/uploads\/2021\/04\/vrtic-1-150x150.jpg\" class=\"attachment-thumbnail size-thumbnail\" alt=\"\" \/><\/a>\n\t\t\t<\/div><\/figure>\n\t\t<\/div>\n\n<p>Naredbom \u0160taba za vanredne situacije op\u0161tine Svilanac, od 16. marta 2020. godine, nalo\u017eeno je PU &#8220;De\u010dja radost&#8221; Svilajnac po otpo\u010dinjanju sa redovnim radom, dakle od 11. maja 2020. godine, pa dok traje opasnost od \u0161irenja zarazne bolesti COVID-19, napla\u0107uje boravak u Vrti\u0107u samo za decu koja koriste uslugu Vrti\u0107a, odnosno da ne napla\u0107uje re\u017eijske tro\u0161kove za dane i mesece kada deca ne borave u Vrti\u0107u.<\/p>\n<p>Ustanova nije vr\u0161ila naplatu za decu koja od 11. maja 2020. godine do danas uop\u0161te nisu dolazila u Vrti\u0107, me\u0111utim, roditeljima dece koja su u nekom periodu od 11. maja do danas nisu boravila u Vrti\u0107u, \u00a0dete nije dolazilo u Vrti\u0107 u novembru i decembru 2020., napla\u0107eni su re\u017eijski tro\u0161kovi, \u0161to je suprotno pomenutoj Naredbi \u0160taba i \u0161to potvr\u0111uju uplatnice koje su roditelji dostavili.<\/p>\n<p>&nbsp;<\/p>\n","protected":false},"excerpt":{"rendered":"<p>SVILAJNAC-Roditelji dece koja poha\u0111aju PU \u201eDe\u010dja radost\u201c Svilajnac dostavili su Op\u0161tini Svilajnac dokaze da su pla\u0107ali re\u017eijske tro\u0161kove u iznosu od 50 odsto ukupne cene &hellip; <\/p>\n","protected":false},"author":2,"featured_media":26583,"comment_status":"open","ping_status":"open","sticky":false,"template":"","format":"standard","meta":{"footnotes":""},"categories":[14,1524,2,887,12,1517],"tags":[38,5098,1013],"_links":{"self":[{"href":"https:\/\/centralmedia.rs\/index.php\/wp-json\/wp\/v2\/posts\/26582"}],"collection":[{"href":"https:\/\/centralmedia.rs\/index.php\/wp-json\/wp\/v2\/posts"}],"about":[{"href":"https:\/\/centralmedia.rs\/index.php\/wp-json\/wp\/v2\/types\/post"}],"author":[{"embeddable":true,"href":"https:\/\/centralmedia.rs\/index.php\/wp-json\/wp\/v2\/users\/2"}],"replies":[{"embeddable":true,"href":"https:\/\/centralmedia.rs\/index.php\/wp-json\/wp\/v2\/comments?post=26582"}],"version-history":[{"count":2,"href":"https:\/\/centralmedia.rs\/index.php\/wp-json\/wp\/v2\/posts\/26582\/revisions"}],"predecessor-version":[{"id":26590,"href":"https:\/\/centralmedia.rs\/index.php\/wp-json\/wp\/v2\/posts\/26582\/revisions\/26590"}],"wp:featuredmedia":[{"embeddable":true,"href":"https:\/\/centralmedia.rs\/index.php\/wp-json\/wp\/v2\/media\/26583"}],"wp:attachment":[{"href":"https:\/\/centralmedia.rs\/index.php\/wp-json\/wp\/v2\/media?parent=26582"}],"wp:term":[{"taxonomy":"category","embeddable":true,"href":"https:\/\/centralmedia.rs\/index.php\/wp-json\/wp\/v2\/categories?post=26582"},{"taxonomy":"post_tag","embeddable":true,"href":"https:\/\/centralmedia.rs\/index.php\/wp-json\/wp\/v2\/tags?post=26582"}],"curies":[{"name":"wp","href":"https:\/\/api.w.org\/{rel}","templated":true}]}}