{"id":26600,"date":"2021-04-24T14:58:08","date_gmt":"2021-04-24T12:58:08","guid":{"rendered":"http:\/\/centralmedia.rs\/?p=26600"},"modified":"2022-01-04T18:39:01","modified_gmt":"2022-01-04T17:39:01","slug":"palma-marinikin-lazni-svedok-ima-kriminalni-dosije","status":"publish","type":"post","link":"https:\/\/centralmedia.rs\/index.php\/2021\/04\/24\/palma-marinikin-lazni-svedok-ima-kriminalni-dosije\/","title":{"rendered":"PALMA: MARINIKIN LA\u017dNI SVEDOK IMA KRIMINALNI DOSIJE"},"content":{"rendered":"<p>JAGODINA-Povodom svedoka Marinike Tepi\u0107, Dragan Markovi\u0107 Palma oglasio se na svojoj stranici na dru\u0161tvenim mre\u017eama.<\/p>\n<div id='gallery-1' class='gallery galleryid-26600 gallery-columns-4 gallery-size-thumbnail'><figure class='gallery-item'>\n\t\t\t<div class='gallery-icon landscape'>\n\t\t\t\t<a href='https:\/\/centralmedia.rs\/index.php\/2021\/04\/24\/palma-marinikin-lazni-svedok-ima-kriminalni-dosije\/svedok\/'><img loading=\"lazy\" decoding=\"async\" width=\"150\" height=\"150\" src=\"https:\/\/centralmedia.rs\/wp-content\/uploads\/2021\/04\/svedok-150x150.jpg\" class=\"attachment-thumbnail size-thumbnail\" alt=\"\" \/><\/a>\n\t\t\t<\/div><\/figure><figure class='gallery-item'>\n\t\t\t<div class='gallery-icon portrait'>\n\t\t\t\t<a href='https:\/\/centralmedia.rs\/index.php\/2021\/04\/24\/palma-marinikin-lazni-svedok-ima-kriminalni-dosije\/svedok1\/'><img loading=\"lazy\" decoding=\"async\" width=\"150\" height=\"150\" src=\"https:\/\/centralmedia.rs\/wp-content\/uploads\/2021\/04\/svedok1-150x150.jpg\" class=\"attachment-thumbnail size-thumbnail\" alt=\"\" \/><\/a>\n\t\t\t<\/div><\/figure><figure class='gallery-item'>\n\t\t\t<div class='gallery-icon landscape'>\n\t\t\t\t<a href='https:\/\/centralmedia.rs\/index.php\/2021\/04\/24\/palma-marinikin-lazni-svedok-ima-kriminalni-dosije\/svedok2\/'><img loading=\"lazy\" decoding=\"async\" width=\"150\" height=\"150\" src=\"https:\/\/centralmedia.rs\/wp-content\/uploads\/2021\/04\/svedok2-150x150.jpg\" class=\"attachment-thumbnail size-thumbnail\" alt=\"\" srcset=\"https:\/\/centralmedia.rs\/wp-content\/uploads\/2021\/04\/svedok2-150x150.jpg 150w, https:\/\/centralmedia.rs\/wp-content\/uploads\/2021\/04\/svedok2-300x300.jpg 300w, https:\/\/centralmedia.rs\/wp-content\/uploads\/2021\/04\/svedok2-768x768.jpg 768w, https:\/\/centralmedia.rs\/wp-content\/uploads\/2021\/04\/svedok2-420x420.jpg 420w, https:\/\/centralmedia.rs\/wp-content\/uploads\/2021\/04\/svedok2-640x640.jpg 640w, https:\/\/centralmedia.rs\/wp-content\/uploads\/2021\/04\/svedok2-681x681.jpg 681w, https:\/\/centralmedia.rs\/wp-content\/uploads\/2021\/04\/svedok2.jpg 788w\" sizes=\"(max-width: 150px) 100vw, 150px\" \/><\/a>\n\t\t\t<\/div><\/figure><figure class='gallery-item'>\n\t\t\t<div class='gallery-icon landscape'>\n\t\t\t\t<a href='https:\/\/centralmedia.rs\/index.php\/2021\/04\/24\/palma-marinikin-lazni-svedok-ima-kriminalni-dosije\/svedok3\/'><img loading=\"lazy\" decoding=\"async\" width=\"150\" height=\"150\" src=\"https:\/\/centralmedia.rs\/wp-content\/uploads\/2021\/04\/svedok3-150x150.jpg\" class=\"attachment-thumbnail size-thumbnail\" alt=\"\" srcset=\"https:\/\/centralmedia.rs\/wp-content\/uploads\/2021\/04\/svedok3-150x150.jpg 150w, https:\/\/centralmedia.rs\/wp-content\/uploads\/2021\/04\/svedok3-300x300.jpg 300w, https:\/\/centralmedia.rs\/wp-content\/uploads\/2021\/04\/svedok3-768x768.jpg 768w, https:\/\/centralmedia.rs\/wp-content\/uploads\/2021\/04\/svedok3-1024x1024.jpg 1024w, https:\/\/centralmedia.rs\/wp-content\/uploads\/2021\/04\/svedok3-420x420.jpg 420w, https:\/\/centralmedia.rs\/wp-content\/uploads\/2021\/04\/svedok3-640x640.jpg 640w, https:\/\/centralmedia.rs\/wp-content\/uploads\/2021\/04\/svedok3-681x681.jpg 681w, https:\/\/centralmedia.rs\/wp-content\/uploads\/2021\/04\/svedok3.jpg 1564w\" sizes=\"(max-width: 150px) 100vw, 150px\" \/><\/a>\n\t\t\t<\/div><\/figure>\n\t\t<\/div>\n\n<p>-Prethodnih dana smo mislili da je identitet la\u017enog svedoka skrivan, u videu sa la\u017enim svedo\u010denjem, jer je Marinika Tepi\u0107 \u017eelela da sakrije da se radi u stvari o visokom funcioneru \u0110ilasove i Marinikine stranke.<\/p>\n<p>Me\u0111utim danas smo saznali pravi razlog zamagljivanja njegovog lica i skremblovanog glasa. Naime taj la\u017eni svedok Dragana \u0110ilasa i Marinike Tepi\u0107, Branislav Radosavljevi\u0107 osim \u0161to je funkcioner njihove stranke ima i podeblji kriminalni dosije.<\/p>\n<p>La\u017eni svedok Branislav Radosavljevi\u0107 je 2008. i 2009. godine \u010dak 6 puta hap\u0161en za krivi\u010dna dela po \u010dlanu 213 Krivi\u010dnog zakona Srbije kao i po \u010dlanu 203. i 221 istog zakona.<\/p>\n<p>Branislav Radosavljevi\u0107 je uslovno osu\u0111en u Prvom osnovnom sudu u Beogradu 2015. godine.<\/p>\n<p>Ina\u010de ro\u0111en je u Beogradu 01.07.1980. godine gde je \u017eiveo do 2010. godine a onda je po\u010deo da se krije , prvo u Jagodini, pa u Subotici, pa opet u Jagodini da bi na kraju na\u0161ao za\u0161titu prvo kod Vuka Jeremi\u0107a a potom kod Dragana \u0110ilasa u Beogradu.<\/p>\n<p>Sada su jasne i re\u010di Marinike Tepi\u0107 koja je izjavila da nije bitno da li je svedok \u010dlan stranke ili kriminalac. E pa bitno je gospo\u0111o Tepi\u0107, jer gra\u0111ani Srbije imaju pravo da procene kredibilitet va\u0161eg la\u017enog svedoka. I va\u017eno je da gra\u0111ani Srbije saznaju sa kim se vi gospo\u0111o Tepi\u0107 grlite na fotografijama, dru\u017eite sa takvim osobama i\u00a0 koga va\u0161 \u0161ef Dragan \u0110ilas sa ponosom pokazuje na konferenciji za \u0161tampu povodom godi\u0161njice stranke.<\/p>\n<p>Ko je visoki funkcioner, la\u017eni svedok i \u010dovek sa kriminalni m dosijeom mo\u017eete videti u prilogu na slikama, stoji u saop\u0161tenju Markovi\u0107a.<\/p>\n","protected":false},"excerpt":{"rendered":"<p>JAGODINA-Povodom svedoka Marinike Tepi\u0107, Dragan Markovi\u0107 Palma oglasio se na svojoj stranici na dru\u0161tvenim mre\u017eama. -Prethodnih dana smo mislili da je identitet la\u017enog svedoka skrivan, &hellip; <\/p>\n","protected":false},"author":2,"featured_media":26601,"comment_status":"open","ping_status":"open","sticky":false,"template":"","format":"standard","meta":{"footnotes":""},"categories":[1524,2,5643,1514,13,887,12],"tags":[5080,120,5081],"_links":{"self":[{"href":"https:\/\/centralmedia.rs\/index.php\/wp-json\/wp\/v2\/posts\/26600"}],"collection":[{"href":"https:\/\/centralmedia.rs\/index.php\/wp-json\/wp\/v2\/posts"}],"about":[{"href":"https:\/\/centralmedia.rs\/index.php\/wp-json\/wp\/v2\/types\/post"}],"author":[{"embeddable":true,"href":"https:\/\/centralmedia.rs\/index.php\/wp-json\/wp\/v2\/users\/2"}],"replies":[{"embeddable":true,"href":"https:\/\/centralmedia.rs\/index.php\/wp-json\/wp\/v2\/comments?post=26600"}],"version-history":[{"count":1,"href":"https:\/\/centralmedia.rs\/index.php\/wp-json\/wp\/v2\/posts\/26600\/revisions"}],"predecessor-version":[{"id":26606,"href":"https:\/\/centralmedia.rs\/index.php\/wp-json\/wp\/v2\/posts\/26600\/revisions\/26606"}],"wp:featuredmedia":[{"embeddable":true,"href":"https:\/\/centralmedia.rs\/index.php\/wp-json\/wp\/v2\/media\/26601"}],"wp:attachment":[{"href":"https:\/\/centralmedia.rs\/index.php\/wp-json\/wp\/v2\/media?parent=26600"}],"wp:term":[{"taxonomy":"category","embeddable":true,"href":"https:\/\/centralmedia.rs\/index.php\/wp-json\/wp\/v2\/categories?post=26600"},{"taxonomy":"post_tag","embeddable":true,"href":"https:\/\/centralmedia.rs\/index.php\/wp-json\/wp\/v2\/tags?post=26600"}],"curies":[{"name":"wp","href":"https:\/\/api.w.org\/{rel}","templated":true}]}}