{"id":26648,"date":"2021-04-28T11:19:28","date_gmt":"2021-04-28T09:19:28","guid":{"rendered":"http:\/\/centralmedia.rs\/?p=26648"},"modified":"2021-04-30T15:11:25","modified_gmt":"2021-04-30T13:11:25","slug":"svesteniku-zabrana-prilaska","status":"publish","type":"post","link":"https:\/\/centralmedia.rs\/index.php\/2021\/04\/28\/svesteniku-zabrana-prilaska\/","title":{"rendered":"SVE\u0160TENIKU ZABRANA PRILASKA"},"content":{"rendered":"<p>SVILAJNAC-Sve\u0161tenik P. P. iz Ku\u0161iljeva kod Svilajnca, uhap\u0161en zbog sumnje da je polno uznemiravao devoj\u010dicu (14), pu\u0161ten je iz pritvora.<\/p>\n<p>Iz Osnovnog javnog tu\u017eila\u0161tva (OJT) u Despotovcu ka\u017eu da je njemu odre\u0111ena zabrana prila\u017eenja, sastajanja ili komuniciranja sa odre\u0111enim licem ili pose\u0107ivanje odre\u0111enih mesta.<\/p>\n<p>-Pored toga, u toku su odre\u0111ene dokazne radnje, gde \u0107e se posle toga doneti javnotu\u017eila\u010dka odluka po ovoj krivi\u010dnopravnoj stvari &#8211; navode iz OJT u Despotovcu.<\/p>\n<p>Podsetimo, sve\u0161tenik je uhap\u0161en 8. aprila, po prijavi devoj\u010dice koja je u policiju do\u0161la u pratnji brata. Osumnji\u010denom P. P. odre\u0111en je tada pritvor do 30 dana.<\/p>\n<p>Kako je ranije re\u010deno iz Policijske uprave Jagodina, sumnja se da je on neprimereno dodirivao maloletnu devoj\u010dicu.<\/p>\n<p>Mediji su preneli da je P. P. to uradio dok je bio u porodi\u010dnoj ku\u0107i devoj\u010dice, kada je do\u0161ao da sveti vodicu.<\/p>\n<p>&nbsp;<\/p>\n","protected":false},"excerpt":{"rendered":"<p>SVILAJNAC-Sve\u0161tenik P. P. iz Ku\u0161iljeva kod Svilajnca, uhap\u0161en zbog sumnje da je polno uznemiravao devoj\u010dicu (14), pu\u0161ten je iz pritvora. Iz Osnovnog javnog tu\u017eila\u0161tva (OJT) &hellip; <\/p>\n","protected":false},"author":2,"featured_media":10244,"comment_status":"open","ping_status":"open","sticky":false,"template":"","format":"standard","meta":{"footnotes":""},"categories":[1524,20,2,887,12,1517],"tags":[740,3102,5103,38],"_links":{"self":[{"href":"https:\/\/centralmedia.rs\/index.php\/wp-json\/wp\/v2\/posts\/26648"}],"collection":[{"href":"https:\/\/centralmedia.rs\/index.php\/wp-json\/wp\/v2\/posts"}],"about":[{"href":"https:\/\/centralmedia.rs\/index.php\/wp-json\/wp\/v2\/types\/post"}],"author":[{"embeddable":true,"href":"https:\/\/centralmedia.rs\/index.php\/wp-json\/wp\/v2\/users\/2"}],"replies":[{"embeddable":true,"href":"https:\/\/centralmedia.rs\/index.php\/wp-json\/wp\/v2\/comments?post=26648"}],"version-history":[{"count":2,"href":"https:\/\/centralmedia.rs\/index.php\/wp-json\/wp\/v2\/posts\/26648\/revisions"}],"predecessor-version":[{"id":26650,"href":"https:\/\/centralmedia.rs\/index.php\/wp-json\/wp\/v2\/posts\/26648\/revisions\/26650"}],"wp:featuredmedia":[{"embeddable":true,"href":"https:\/\/centralmedia.rs\/index.php\/wp-json\/wp\/v2\/media\/10244"}],"wp:attachment":[{"href":"https:\/\/centralmedia.rs\/index.php\/wp-json\/wp\/v2\/media?parent=26648"}],"wp:term":[{"taxonomy":"category","embeddable":true,"href":"https:\/\/centralmedia.rs\/index.php\/wp-json\/wp\/v2\/categories?post=26648"},{"taxonomy":"post_tag","embeddable":true,"href":"https:\/\/centralmedia.rs\/index.php\/wp-json\/wp\/v2\/tags?post=26648"}],"curies":[{"name":"wp","href":"https:\/\/api.w.org\/{rel}","templated":true}]}}